{"id":179815,"date":"2021-03-24T22:35:19","date_gmt":"2021-03-25T01:35:19","guid":{"rendered":"https:\/\/diarioregionaldigital.com.br\/?p=179815"},"modified":"2021-03-25T23:17:20","modified_gmt":"2021-03-26T02:17:20","slug":"policia-militar-apreende-materiais-relacionados-ao-trafico-de-drogas-no-bairro-jardim-natal-na-madrugada-de-quarta-feira","status":"publish","type":"post","link":"https:\/\/diarioregionaldigital.com.br\/?p=179815","title":{"rendered":"Materiais relacionados ao tr\u00e1fico de drogas \u00e9 apreendido pela Pol\u00edcia Militar no bairro Jardim Natal na madrugada de quarta-feira"},"content":{"rendered":"<p>Por volta das 00h22min de quarta-feira, 24, durante Opera\u00e7\u00e3o Batida Policial feita pela Pol\u00edcia Militar no bairro Jardim Natal, Zona Norte, um indiv\u00edduo suspeito foi visto na Rua Guidoval e ao visualizar os policiais tentou fugir para o interior de sua resid\u00eancia, tendo no percurso arremessado algo ao ch\u00e3o, que ao ser verificado pelos militares tratava-se de dois peda\u00e7os de maconha, que foram apreendidos. Realizando buscas no interior do im\u00f3vel foi localizada mais uma barra de maconha.<\/p>\n<p>O autor de 20 anos, j\u00e1 foi identificado, tendo conseguido fugir pelos fundos da casa. A Pol\u00edcia Militar segue em rastreamento.<\/p>\n<p>Fonte: Assessoria<\/p>\n","protected":false},"excerpt":{"rendered":"<p>Por volta das 00h22min de quarta-feira, 24, durante Opera\u00e7\u00e3o Batida Policial feita pela Pol\u00edcia Militar no bairro Jardim Natal, Zona Norte, um indiv\u00edduo suspeito foi visto na Rua Guidoval e ao visualizar os policiais tentou fugir para o interior de sua resid\u00eancia, tendo no percurso arremessado algo ao ch\u00e3o, que ao ser verificado pelos militares [&hellip;]<\/p>\n","protected":false},"author":246,"featured_media":179816,"comment_status":"closed","ping_status":"closed","sticky":false,"template":"","format":"standard","meta":{"footnotes":""},"categories":[301,1229],"tags":[],"class_list":["post-179815","post","type-post","status-publish","format-standard","has-post-thumbnail","hentry","category-artigos-policiais","category-policial"],"_links":{"self":[{"href":"https:\/\/diarioregionaldigital.com.br\/index.php?rest_route=\/wp\/v2\/posts\/179815","targetHints":{"allow":["GET"]}}],"collection":[{"href":"https:\/\/diarioregionaldigital.com.br\/index.php?rest_route=\/wp\/v2\/posts"}],"about":[{"href":"https:\/\/diarioregionaldigital.com.br\/index.php?rest_route=\/wp\/v2\/types\/post"}],"author":[{"embeddable":true,"href":"https:\/\/diarioregionaldigital.com.br\/index.php?rest_route=\/wp\/v2\/users\/246"}],"replies":[{"embeddable":true,"href":"https:\/\/diarioregionaldigital.com.br\/index.php?rest_route=%2Fwp%2Fv2%2Fcomments&post=179815"}],"version-history":[{"count":2,"href":"https:\/\/diarioregionaldigital.com.br\/index.php?rest_route=\/wp\/v2\/posts\/179815\/revisions"}],"predecessor-version":[{"id":179902,"href":"https:\/\/diarioregionaldigital.com.br\/index.php?rest_route=\/wp\/v2\/posts\/179815\/revisions\/179902"}],"wp:featuredmedia":[{"embeddable":true,"href":"https:\/\/diarioregionaldigital.com.br\/index.php?rest_route=\/wp\/v2\/media\/179816"}],"wp:attachment":[{"href":"https:\/\/diarioregionaldigital.com.br\/index.php?rest_route=%2Fwp%2Fv2%2Fmedia&parent=179815"}],"wp:term":[{"taxonomy":"category","embeddable":true,"href":"https:\/\/diarioregionaldigital.com.br\/index.php?rest_route=%2Fwp%2Fv2%2Fcategories&post=179815"},{"taxonomy":"post_tag","embeddable":true,"href":"https:\/\/diarioregionaldigital.com.br\/index.php?rest_route=%2Fwp%2Fv2%2Ftags&post=179815"}],"curies":[{"name":"wp","href":"https:\/\/api.w.org\/{rel}","templated":true}]}}