{"id":179812,"date":"2021-03-24T22:30:31","date_gmt":"2021-03-25T01:30:31","guid":{"rendered":"https:\/\/diarioregionaldigital.com.br\/?p=179812"},"modified":"2021-03-24T22:30:31","modified_gmt":"2021-03-25T01:30:31","slug":"policia-militar-prende-dois-autores-e-apreende-materiais-relacionados-ao-trafico-de-drogas-no-bairro-milho-branco","status":"publish","type":"post","link":"https:\/\/diarioregionaldigital.com.br\/?p=179812","title":{"rendered":"Pol\u00edcia Militar prende dois autores e apreende materiais relacionados ao tr\u00e1fico de drogas no bairro Milho Branco"},"content":{"rendered":"<p>No in\u00edcio da noite de ter\u00e7a-feira, 23, por volta das 18h46min, durante patrulhamento da Pol\u00edcia Militar pelo bairro Milho Branco, Zona Norte, um homem e uma mulher suspeitos foram visualizados na Rua Quatro e ao perceberem a presen\u00e7a policial tentaram fugir por um escad\u00e3o.<\/p>\n<p>O homem de 35 anos, conhecido no meio policial pela pr\u00e1tica de v\u00e1rios delitos, foi alcan\u00e7ado e abordado antes de conseguir entrar em sua resid\u00eancia, que fica pr\u00f3ximo ao local.<\/p>\n<p>Realizadas buscas com o apoio do c\u00e3o policial, foram localizados e apreendidos no interior do im\u00f3vel:<br \/>\n04 barras de maconha, 02 tabletes de maconha, 09 buchas de maconha, 08 pedras de crack, 01 por\u00e7\u00e3o de crack, 01 balan\u00e7a de precis\u00e3o.<\/p>\n<p>A mulher de 27 anos tamb\u00e9m foi presa em flagrante.<\/p>\n<p>Fonte: Assessoria<\/p>\n","protected":false},"excerpt":{"rendered":"<p>No in\u00edcio da noite de ter\u00e7a-feira, 23, por volta das 18h46min, durante patrulhamento da Pol\u00edcia Militar pelo bairro Milho Branco, Zona Norte, um homem e uma mulher suspeitos foram visualizados na Rua Quatro e ao perceberem a presen\u00e7a policial tentaram fugir por um escad\u00e3o. O homem de 35 anos, conhecido no meio policial pela pr\u00e1tica [&hellip;]<\/p>\n","protected":false},"author":246,"featured_media":179813,"comment_status":"closed","ping_status":"closed","sticky":false,"template":"","format":"standard","meta":{"footnotes":""},"categories":[301,262,1229],"tags":[],"class_list":["post-179812","post","type-post","status-publish","format-standard","has-post-thumbnail","hentry","category-artigos-policiais","category-noticias","category-policial"],"_links":{"self":[{"href":"https:\/\/diarioregionaldigital.com.br\/index.php?rest_route=\/wp\/v2\/posts\/179812","targetHints":{"allow":["GET"]}}],"collection":[{"href":"https:\/\/diarioregionaldigital.com.br\/index.php?rest_route=\/wp\/v2\/posts"}],"about":[{"href":"https:\/\/diarioregionaldigital.com.br\/index.php?rest_route=\/wp\/v2\/types\/post"}],"author":[{"embeddable":true,"href":"https:\/\/diarioregionaldigital.com.br\/index.php?rest_route=\/wp\/v2\/users\/246"}],"replies":[{"embeddable":true,"href":"https:\/\/diarioregionaldigital.com.br\/index.php?rest_route=%2Fwp%2Fv2%2Fcomments&post=179812"}],"version-history":[{"count":1,"href":"https:\/\/diarioregionaldigital.com.br\/index.php?rest_route=\/wp\/v2\/posts\/179812\/revisions"}],"predecessor-version":[{"id":179814,"href":"https:\/\/diarioregionaldigital.com.br\/index.php?rest_route=\/wp\/v2\/posts\/179812\/revisions\/179814"}],"wp:featuredmedia":[{"embeddable":true,"href":"https:\/\/diarioregionaldigital.com.br\/index.php?rest_route=\/wp\/v2\/media\/179813"}],"wp:attachment":[{"href":"https:\/\/diarioregionaldigital.com.br\/index.php?rest_route=%2Fwp%2Fv2%2Fmedia&parent=179812"}],"wp:term":[{"taxonomy":"category","embeddable":true,"href":"https:\/\/diarioregionaldigital.com.br\/index.php?rest_route=%2Fwp%2Fv2%2Fcategories&post=179812"},{"taxonomy":"post_tag","embeddable":true,"href":"https:\/\/diarioregionaldigital.com.br\/index.php?rest_route=%2Fwp%2Fv2%2Ftags&post=179812"}],"curies":[{"name":"wp","href":"https:\/\/api.w.org\/{rel}","templated":true}]}}