{"id":179810,"date":"2021-03-24T22:26:06","date_gmt":"2021-03-25T01:26:06","guid":{"rendered":"https:\/\/diarioregionaldigital.com.br\/?p=179810"},"modified":"2021-03-24T22:26:06","modified_gmt":"2021-03-25T01:26:06","slug":"covid-19-municipio-registra-mais-17-mortes","status":"publish","type":"post","link":"https:\/\/diarioregionaldigital.com.br\/?p=179810","title":{"rendered":"Covid-19: Munic\u00edpio registra mais 17 mortes"},"content":{"rendered":"<div class=\"evo-entry-content entry-content\">\n<div class=\"evo-entry-content entry-content\">\n<p>O novo boletim epidemiol\u00f3gico divulgado nesta quarta-feira (24) pela Secretaria de Sa\u00fade (SS) da Prefeitura de Juiz de Fora (PJF), aponta que o munic\u00edpio contabilizou mais 242 novos casos por Coronav\u00edrus, totalizando 23.467 pessoas infectadas. Segundo o levantamento, foram notificados mais 17 mortes, acumulando 977 vidas perdidas e 402 pacientes est\u00e3o suspeitos de terem a doen\u00e7a.<\/p>\n<p><b>Leitos\u00a0<\/b><\/p>\n<p>Segundo informa\u00e7\u00f5es da PJF, 622 pessoas est\u00e3o hospitalizadas por covid-19 no munic\u00edpio. Ao todo, 360 pacientes ocupam leitos de UTI (p\u00fablico e privado) e 1.753 de enfermaria. A taxa de ocupa\u00e7\u00e3o dos leitos de UTI da rede p\u00fablica \u00e9 de 97,86 %. J\u00e1 os leitos de Enfermaria do Sus, 85,84 % est\u00e3o ocupados.<\/p>\n<\/div>\n<div class=\"evo-single-footer\"><\/div>\n<\/div>\n<div class=\"evo-single-footer\">\n<div class=\"evo-post-directions\">\n<div class=\"evo-post-directions-inner\">\n<div class=\"evo-prev-post\"><\/div>\n<\/div>\n<\/div>\n<\/div>\n","protected":false},"excerpt":{"rendered":"<p>O novo boletim epidemiol\u00f3gico divulgado nesta quarta-feira (24) pela Secretaria de Sa\u00fade (SS) da Prefeitura de Juiz de Fora (PJF), aponta que o munic\u00edpio contabilizou mais 242 novos casos por Coronav\u00edrus, totalizando 23.467 pessoas infectadas. Segundo o levantamento, foram notificados mais 17 mortes, acumulando 977 vidas perdidas e 402 pacientes est\u00e3o suspeitos de terem a [&hellip;]<\/p>\n","protected":false},"author":246,"featured_media":179609,"comment_status":"closed","ping_status":"closed","sticky":false,"template":"","format":"standard","meta":{"footnotes":""},"categories":[253,440,262,439],"tags":[],"class_list":["post-179810","post","type-post","status-publish","format-standard","has-post-thumbnail","hentry","category-cidade","category-destaques-do-dia","category-noticias","category-ultima-hora"],"_links":{"self":[{"href":"https:\/\/diarioregionaldigital.com.br\/index.php?rest_route=\/wp\/v2\/posts\/179810","targetHints":{"allow":["GET"]}}],"collection":[{"href":"https:\/\/diarioregionaldigital.com.br\/index.php?rest_route=\/wp\/v2\/posts"}],"about":[{"href":"https:\/\/diarioregionaldigital.com.br\/index.php?rest_route=\/wp\/v2\/types\/post"}],"author":[{"embeddable":true,"href":"https:\/\/diarioregionaldigital.com.br\/index.php?rest_route=\/wp\/v2\/users\/246"}],"replies":[{"embeddable":true,"href":"https:\/\/diarioregionaldigital.com.br\/index.php?rest_route=%2Fwp%2Fv2%2Fcomments&post=179810"}],"version-history":[{"count":1,"href":"https:\/\/diarioregionaldigital.com.br\/index.php?rest_route=\/wp\/v2\/posts\/179810\/revisions"}],"predecessor-version":[{"id":179811,"href":"https:\/\/diarioregionaldigital.com.br\/index.php?rest_route=\/wp\/v2\/posts\/179810\/revisions\/179811"}],"wp:featuredmedia":[{"embeddable":true,"href":"https:\/\/diarioregionaldigital.com.br\/index.php?rest_route=\/wp\/v2\/media\/179609"}],"wp:attachment":[{"href":"https:\/\/diarioregionaldigital.com.br\/index.php?rest_route=%2Fwp%2Fv2%2Fmedia&parent=179810"}],"wp:term":[{"taxonomy":"category","embeddable":true,"href":"https:\/\/diarioregionaldigital.com.br\/index.php?rest_route=%2Fwp%2Fv2%2Fcategories&post=179810"},{"taxonomy":"post_tag","embeddable":true,"href":"https:\/\/diarioregionaldigital.com.br\/index.php?rest_route=%2Fwp%2Fv2%2Ftags&post=179810"}],"curies":[{"name":"wp","href":"https:\/\/api.w.org\/{rel}","templated":true}]}}