{"id":179807,"date":"2021-03-24T22:22:27","date_gmt":"2021-03-25T01:22:27","guid":{"rendered":"https:\/\/diarioregionaldigital.com.br\/?p=179807"},"modified":"2021-03-24T22:22:27","modified_gmt":"2021-03-25T01:22:27","slug":"estado-registra-374-novos-obitos-por-covid-19-nas-ultimas-24-horas","status":"publish","type":"post","link":"https:\/\/diarioregionaldigital.com.br\/?p=179807","title":{"rendered":"Estado registra 374 novos \u00f3bitos por Covid-19 nas \u00faltimas 24 horas"},"content":{"rendered":"<div class=\"evo-entry-content entry-content\">\n<p>A Secretaria de Estado da Sa\u00fade de Minas Gerais (SES-MG), publicou nesta quarta-feira (24), <a href=\"https:\/\/coronavirus.saude.mg.gov.br\/images\/1_2021\/01-boletim\/24.03.2021COVID-19_-_BOLETIM.pdf\">o novo boletim<\/a> referente ao Coronav\u00edrus. O levantamento aponta que o estado notificou mais 13.796\u00a0 novos casos da doen\u00e7a, totalizando 1.053.994 pessoas infectadas. Os dados indicam que foram registradas mais 374 mortes, contabilizando 22.497 \u00f3bitos.<\/p>\n<p>Al\u00e9m disso, 950.942 pacientes est\u00e3o recuperados da doen\u00e7a, representando 90,22 % dos casos. Quanto aos dados de hospitaliza\u00e7\u00e3o, 86.182 est\u00e3o internados e 967.812 fazem isolamento domiciliar. At\u00e9 o momento, 1.073.986 pessoas receberam a primeira dose da vacina e 431.122 a segunda.<\/p>\n<\/div>\n<div class=\"evo-single-footer\">\n<div class=\"evo-post-directions\">\n<div class=\"evo-post-directions-inner\">\n<div class=\"evo-prev-post\"><\/div>\n<\/div>\n<\/div>\n<\/div>\n","protected":false},"excerpt":{"rendered":"<p>A Secretaria de Estado da Sa\u00fade de Minas Gerais (SES-MG), publicou nesta quarta-feira (24), o novo boletim referente ao Coronav\u00edrus. O levantamento aponta que o estado notificou mais 13.796\u00a0 novos casos da doen\u00e7a, totalizando 1.053.994 pessoas infectadas. Os dados indicam que foram registradas mais 374 mortes, contabilizando 22.497 \u00f3bitos. Al\u00e9m disso, 950.942 pacientes est\u00e3o recuperados [&hellip;]<\/p>\n","protected":false},"author":246,"featured_media":179808,"comment_status":"closed","ping_status":"closed","sticky":false,"template":"","format":"standard","meta":{"footnotes":""},"categories":[436,252,439],"tags":[],"class_list":["post-179807","post","type-post","status-publish","format-standard","has-post-thumbnail","hentry","category-destaque-da-semana","category-regiao","category-ultima-hora"],"_links":{"self":[{"href":"https:\/\/diarioregionaldigital.com.br\/index.php?rest_route=\/wp\/v2\/posts\/179807","targetHints":{"allow":["GET"]}}],"collection":[{"href":"https:\/\/diarioregionaldigital.com.br\/index.php?rest_route=\/wp\/v2\/posts"}],"about":[{"href":"https:\/\/diarioregionaldigital.com.br\/index.php?rest_route=\/wp\/v2\/types\/post"}],"author":[{"embeddable":true,"href":"https:\/\/diarioregionaldigital.com.br\/index.php?rest_route=\/wp\/v2\/users\/246"}],"replies":[{"embeddable":true,"href":"https:\/\/diarioregionaldigital.com.br\/index.php?rest_route=%2Fwp%2Fv2%2Fcomments&post=179807"}],"version-history":[{"count":1,"href":"https:\/\/diarioregionaldigital.com.br\/index.php?rest_route=\/wp\/v2\/posts\/179807\/revisions"}],"predecessor-version":[{"id":179809,"href":"https:\/\/diarioregionaldigital.com.br\/index.php?rest_route=\/wp\/v2\/posts\/179807\/revisions\/179809"}],"wp:featuredmedia":[{"embeddable":true,"href":"https:\/\/diarioregionaldigital.com.br\/index.php?rest_route=\/wp\/v2\/media\/179808"}],"wp:attachment":[{"href":"https:\/\/diarioregionaldigital.com.br\/index.php?rest_route=%2Fwp%2Fv2%2Fmedia&parent=179807"}],"wp:term":[{"taxonomy":"category","embeddable":true,"href":"https:\/\/diarioregionaldigital.com.br\/index.php?rest_route=%2Fwp%2Fv2%2Fcategories&post=179807"},{"taxonomy":"post_tag","embeddable":true,"href":"https:\/\/diarioregionaldigital.com.br\/index.php?rest_route=%2Fwp%2Fv2%2Ftags&post=179807"}],"curies":[{"name":"wp","href":"https:\/\/api.w.org\/{rel}","templated":true}]}}