{"id":179796,"date":"2021-03-24T20:22:51","date_gmt":"2021-03-24T23:22:51","guid":{"rendered":"https:\/\/diarioregionaldigital.com.br\/?p=179796"},"modified":"2021-03-24T20:22:51","modified_gmt":"2021-03-24T23:22:51","slug":"revezamento-da-tocha-olimpica-de-toquio-deixa-populacao-dividida","status":"publish","type":"post","link":"https:\/\/diarioregionaldigital.com.br\/?p=179796","title":{"rendered":"Revezamento da tocha ol\u00edmpica de T\u00f3quio deixa popula\u00e7\u00e3o dividida"},"content":{"rendered":"<p>Quando Shusaku Sagi tinha 19 anos, viu seu centro de treinamento de futebol da Vila-J de Fukushima ser convertido em uma base de trabalhadores encarregados da desativa\u00e7\u00e3o da usina nuclear pr\u00f3xima depois que o terremoto de 2011 a avariou e levou milhares de pessoas a fugirem.<img decoding=\"async\" src=\"https:\/\/agenciabrasil.ebc.com.br\/ebc.png?id=1404853&amp;o=node\" \/><img decoding=\"async\" src=\"https:\/\/agenciabrasil.ebc.com.br\/ebc.gif?id=1404853&amp;o=node\" \/><\/p>\n<p>Amanh\u00e3 (25), o complexo esportivo abrigar\u00e1 a cerim\u00f4nia de largada do revezamento da tocha ol\u00edmpica, iniciando a contagem regressiva para os Jogos de T\u00f3quio &#8211; o primeiro a ser organizado durante uma pandemia mortal.<\/p>\n<p>&#8220;Grandes eventos esportivos, como a Olimp\u00edada, podem energizar as pessoas e enviar uma mensagem para o mundo n\u00e3o esquecer Fukushima&#8221;, disse Sagi, hoje com 29 anos, que organiza torneios de futebol para jovens na Vila-J.<\/p>\n<p>Integrantes da sele\u00e7\u00e3o feminina de futebol do Jap\u00e3o usar\u00e3o a chama ol\u00edmpica, enviada de avi\u00e3o da Gr\u00e9cia, para acender a tocha. Mas a cerim\u00f4nia, planejada originalmente para milhares de torcedores como uma comemora\u00e7\u00e3o da recupera\u00e7\u00e3o japonesa, ser\u00e1 fechada ao p\u00fablico.<\/p>\n<p>Alguns moradores n\u00e3o compartilham o entusiasmo de Sagi e se ressentem dos esfor\u00e7os do governo para destacar Fukushima.<\/p>\n<p>Vastas \u00e1reas ao redor da usina continuam interditadas, os temores da radia\u00e7\u00e3o persistem e muitos que partiram se estabeleceram em outros locais. A desativa\u00e7\u00e3o levar\u00e1 at\u00e9 um s\u00e9culo e custar\u00e1 bilh\u00f5es de d\u00f3lares.<\/p>\n<p>Takayuki Yanai, que trabalha em uma cooperativa de peixarias de Iwaki, 50 quil\u00f4metros ao sul da usina, disse que o conceito de &#8220;Olimp\u00edada da Reconstru\u00e7\u00e3o&#8221; n\u00e3o \u00e9 amplamente endossado pelos moradores.<\/p>\n<p>&#8220;A pesca no litoral de Fukushima ainda \u00e9 cerca de 20% do que era&#8221;, disse Yanai. &#8220;Temo que tenhamos sido meio deixados de fora da reconstru\u00e7\u00e3o&#8221;.<\/p>\n<p><span style=\"font-weight: 400;\">Fonte: Ag\u00eancia Brasil<\/span><\/p>\n","protected":false},"excerpt":{"rendered":"<p>Quando Shusaku Sagi tinha 19 anos, viu seu centro de treinamento de futebol da Vila-J de Fukushima ser convertido em uma base de trabalhadores encarregados da desativa\u00e7\u00e3o da usina nuclear pr\u00f3xima depois que o terremoto de 2011 a avariou e levou milhares de pessoas a fugirem. Amanh\u00e3 (25), o complexo esportivo abrigar\u00e1 a cerim\u00f4nia de [&hellip;]<\/p>\n","protected":false},"author":246,"featured_media":179797,"comment_status":"closed","ping_status":"closed","sticky":false,"template":"","format":"standard","meta":{"footnotes":""},"categories":[257],"tags":[],"class_list":["post-179796","post","type-post","status-publish","format-standard","has-post-thumbnail","hentry","category-esporte"],"_links":{"self":[{"href":"https:\/\/diarioregionaldigital.com.br\/index.php?rest_route=\/wp\/v2\/posts\/179796","targetHints":{"allow":["GET"]}}],"collection":[{"href":"https:\/\/diarioregionaldigital.com.br\/index.php?rest_route=\/wp\/v2\/posts"}],"about":[{"href":"https:\/\/diarioregionaldigital.com.br\/index.php?rest_route=\/wp\/v2\/types\/post"}],"author":[{"embeddable":true,"href":"https:\/\/diarioregionaldigital.com.br\/index.php?rest_route=\/wp\/v2\/users\/246"}],"replies":[{"embeddable":true,"href":"https:\/\/diarioregionaldigital.com.br\/index.php?rest_route=%2Fwp%2Fv2%2Fcomments&post=179796"}],"version-history":[{"count":1,"href":"https:\/\/diarioregionaldigital.com.br\/index.php?rest_route=\/wp\/v2\/posts\/179796\/revisions"}],"predecessor-version":[{"id":179798,"href":"https:\/\/diarioregionaldigital.com.br\/index.php?rest_route=\/wp\/v2\/posts\/179796\/revisions\/179798"}],"wp:featuredmedia":[{"embeddable":true,"href":"https:\/\/diarioregionaldigital.com.br\/index.php?rest_route=\/wp\/v2\/media\/179797"}],"wp:attachment":[{"href":"https:\/\/diarioregionaldigital.com.br\/index.php?rest_route=%2Fwp%2Fv2%2Fmedia&parent=179796"}],"wp:term":[{"taxonomy":"category","embeddable":true,"href":"https:\/\/diarioregionaldigital.com.br\/index.php?rest_route=%2Fwp%2Fv2%2Fcategories&post=179796"},{"taxonomy":"post_tag","embeddable":true,"href":"https:\/\/diarioregionaldigital.com.br\/index.php?rest_route=%2Fwp%2Fv2%2Ftags&post=179796"}],"curies":[{"name":"wp","href":"https:\/\/api.w.org\/{rel}","templated":true}]}}