{"id":179792,"date":"2021-03-24T20:19:29","date_gmt":"2021-03-24T23:19:29","guid":{"rendered":"https:\/\/diarioregionaldigital.com.br\/?p=179792"},"modified":"2021-03-24T20:19:29","modified_gmt":"2021-03-24T23:19:29","slug":"selecao-feminina-luana-sofre-lesao-no-joelho-e-deve-perder-toquio","status":"publish","type":"post","link":"https:\/\/diarioregionaldigital.com.br\/?p=179792","title":{"rendered":"Sele\u00e7\u00e3o feminina: Luana sofre les\u00e3o no joelho e deve perder T\u00f3quio"},"content":{"rendered":"<p>O Paris Saint-Germain (Fran\u00e7a) informou nesta\u00a0quarta-feira (24) que a volante Luana rompeu o ligamento cruzado do joelho esquerdo durante o treino da \u00faltima\u00a0ter\u00e7a-feira (23). O clube franc\u00eas n\u00e3o divulgou a previs\u00e3o de retorno dela aos gramados, mas a estimativa m\u00e9dica nesse tipo de contus\u00e3o \u00e9 de\u00a0ao menos seis meses de tratamento. A jogadora de 27 anos dever\u00e1 perder a Olimp\u00edada de T\u00f3quio (Jap\u00e3o), que \u00e9 daqui quatro meses.<img decoding=\"async\" src=\"https:\/\/agenciabrasil.ebc.com.br\/ebc.png?id=1404930&amp;o=node\" \/><img decoding=\"async\" src=\"https:\/\/agenciabrasil.ebc.com.br\/ebc.gif?id=1404930&amp;o=node\" \/><\/p>\n<p>Segundo o boletim m\u00e9dico divulgado pelo PSG, Luana passou por exames na manh\u00e3 desta\u00a0quarta, que constataram a les\u00e3o de ligamento. A volante ser\u00e1 reavaliada por um especialista e pode ser submetida a uma cirurgia. A Confedera\u00e7\u00e3o Brasileira de Futebol (CBF) j\u00e1 foi comunicada pelo clube franc\u00eas sobre a situa\u00e7\u00e3o da atleta.<\/p>\n<p>Luana \u00e9 a\u00a0segunda\u00a0jogadora que mais vezes atuou pela sele\u00e7\u00e3o feminina com Pia Sundhage, presente em 11 dos 16 jogos em que a sueca comandou o time brasileiro, desde 2019. Nas ocasi\u00f5es em que esteve em campo, a volante foi escolhida pela t\u00e9cnica para ser a capit\u00e3. A \u00faltima partida com a amarelinha foi a goleada por 8 a 0 sobre o Equador, em dezembro, no Morumbi, em S\u00e3o Paulo. Ela, inclusive, fez o segundo gol do confronto. A jogadora ficou fora do Torneio She Believes, disputado em Orlando (Estados Unidos), por n\u00e3o\u00a0ter\u00a0sido liberada pelo PSG, assim como a tamb\u00e9m volante Formiga.<\/p>\n<p>A brasileira j\u00e1 desfalcou o Paris nesta\u00a0quarta, na derrota por 1 a 0, em casa, para o Lyon, no cl\u00e1ssico franc\u00eas pelas quartas de final da Liga dos Campe\u00f5es da Europa Feminina. O jogo de volta ser\u00e1 no pr\u00f3ximo dia 31. A \u00faltima partida de Luana pelo PSG foi no \u00faltimo dia 9: goleada por 5 a 0 sobre o Sparta Praga (Rep\u00fablica Tcheca), no duelo de ida pelas oitavas da competi\u00e7\u00e3o continental, com um gola\u00e7o da volante, por cobertura.<\/p>\n<p><span style=\"font-weight: 400;\">Fonte: Ag\u00eancia Brasil<\/span><\/p>\n","protected":false},"excerpt":{"rendered":"<p>O Paris Saint-Germain (Fran\u00e7a) informou nesta\u00a0quarta-feira (24) que a volante Luana rompeu o ligamento cruzado do joelho esquerdo durante o treino da \u00faltima\u00a0ter\u00e7a-feira (23). O clube franc\u00eas n\u00e3o divulgou a previs\u00e3o de retorno dela aos gramados, mas a estimativa m\u00e9dica nesse tipo de contus\u00e3o \u00e9 de\u00a0ao menos seis meses de tratamento. A jogadora de 27 [&hellip;]<\/p>\n","protected":false},"author":246,"featured_media":179793,"comment_status":"closed","ping_status":"closed","sticky":false,"template":"","format":"standard","meta":{"footnotes":""},"categories":[436,257],"tags":[],"class_list":["post-179792","post","type-post","status-publish","format-standard","has-post-thumbnail","hentry","category-destaque-da-semana","category-esporte"],"_links":{"self":[{"href":"https:\/\/diarioregionaldigital.com.br\/index.php?rest_route=\/wp\/v2\/posts\/179792","targetHints":{"allow":["GET"]}}],"collection":[{"href":"https:\/\/diarioregionaldigital.com.br\/index.php?rest_route=\/wp\/v2\/posts"}],"about":[{"href":"https:\/\/diarioregionaldigital.com.br\/index.php?rest_route=\/wp\/v2\/types\/post"}],"author":[{"embeddable":true,"href":"https:\/\/diarioregionaldigital.com.br\/index.php?rest_route=\/wp\/v2\/users\/246"}],"replies":[{"embeddable":true,"href":"https:\/\/diarioregionaldigital.com.br\/index.php?rest_route=%2Fwp%2Fv2%2Fcomments&post=179792"}],"version-history":[{"count":2,"href":"https:\/\/diarioregionaldigital.com.br\/index.php?rest_route=\/wp\/v2\/posts\/179792\/revisions"}],"predecessor-version":[{"id":179795,"href":"https:\/\/diarioregionaldigital.com.br\/index.php?rest_route=\/wp\/v2\/posts\/179792\/revisions\/179795"}],"wp:featuredmedia":[{"embeddable":true,"href":"https:\/\/diarioregionaldigital.com.br\/index.php?rest_route=\/wp\/v2\/media\/179793"}],"wp:attachment":[{"href":"https:\/\/diarioregionaldigital.com.br\/index.php?rest_route=%2Fwp%2Fv2%2Fmedia&parent=179792"}],"wp:term":[{"taxonomy":"category","embeddable":true,"href":"https:\/\/diarioregionaldigital.com.br\/index.php?rest_route=%2Fwp%2Fv2%2Fcategories&post=179792"},{"taxonomy":"post_tag","embeddable":true,"href":"https:\/\/diarioregionaldigital.com.br\/index.php?rest_route=%2Fwp%2Fv2%2Ftags&post=179792"}],"curies":[{"name":"wp","href":"https:\/\/api.w.org\/{rel}","templated":true}]}}