{"id":179789,"date":"2021-03-24T20:16:50","date_gmt":"2021-03-24T23:16:50","guid":{"rendered":"https:\/\/diarioregionaldigital.com.br\/?p=179789"},"modified":"2021-03-24T20:16:50","modified_gmt":"2021-03-24T23:16:50","slug":"brasil-vai-ao-podio-seis-vezes-no-sul-americano-de-esportes-aquaticos","status":"publish","type":"post","link":"https:\/\/diarioregionaldigital.com.br\/?p=179789","title":{"rendered":"Brasil vai ao p\u00f3dio seis vezes no Sul-Americano de Esportes Aqu\u00e1ticos"},"content":{"rendered":"<p>O Brasil foi ao p\u00f3dio seis vezes nesta quarta-feira (24) pelo Campeonato Sul-Americano de Esportes Aqu\u00e1ticos, disputado no Parque Ol\u00edmpico de Buenos Aires (Argentina). Foram tr\u00eas medalhas nos saltos ornamentais, sendo uma de ouro, e mais tr\u00eas na maratona aqu\u00e1tica.<img decoding=\"async\" src=\"https:\/\/agenciabrasil.ebc.com.br\/ebc.png?id=1404951&amp;o=node\" \/><img decoding=\"async\" src=\"https:\/\/agenciabrasil.ebc.com.br\/ebc.gif?id=1404951&amp;o=node\" \/><\/p>\n<p>Nos saltos, teve dobradinha brasileira no trampolim de um metro feminino. A medalha de ouro ficou com Luana Lira, com 254,7 pontos, enquanto a prata foi para Anna L\u00facia dos Santos, com 254,05 pontos. A colombiana Diana Zuleta, com 232,5 pontos, completou o p\u00f3dio.<\/p>\n<p>No masculino, Kawan Pereira e Lu\u00eds Felipe Moura garantiram o bronze no trampolim de tr\u00eas metros, anotando 334,41 pontos. O ouro foi da dupla colombiana Daniel Garica e Sebastian Mendoza e a prata ficou com os chilenos Diego Saavedra e Donato Escudero.<\/p>\n<p>Luana, Anna L\u00facia, Kawan e Lu\u00eds Felipe integram a sele\u00e7\u00e3o nacional que disputar\u00e1 a Copa do Mundo de saltos ornamentais, entre 18 e 23 de abril. O evento servir\u00e1 como pr\u00e9-ol\u00edmpico da modalidade e ser\u00e1 em T\u00f3quio (Jap\u00e3o), sede da Olimp\u00edada. Ingrid Oliveira, Giovanna Pedroso, Isaac Souza e Ian Matos tamb\u00e9m est\u00e3o classificados para o torneio em solo japon\u00eas.<\/p>\n<p>O Brasil tamb\u00e9m emplacou dois atletas em um mesmo p\u00f3dio na maratona aqu\u00e1tica. Na prova masculina de cinco quil\u00f4metros, Bruce Almeida completou o percurso em 52min33s8 e levou a prata, enquanto Alexandre Finco foi bronze com 52min36s4. O argentino Gianfranco Turco ficou em primeiro, com 51min58s37.<\/p>\n<p>Na disputa feminina, Cibelle Jungblut assegurou o bronze com o tempo de 57min40s70, 20 cent\u00e9simos \u00e0 frente da chilena Mahina Nicole Dannenberg, que ficou em quarto. A peruana Maria Alejandra Garcia foi a campe\u00e3 da prova com 56min26s63, seguida pela argentina Romina Imwinkelried, com 57min39s53.<\/p>\n<p>Assim como na nata\u00e7\u00e3o, o Brasil levou para Argentina uma delega\u00e7\u00e3o jovem para competir na maratona aqu\u00e1tica, com a m\u00e9dia de idade inferior a 21 anos. Cibelle, por exemplo, tem apenas 17 anos e integra uma sele\u00e7\u00e3o adulta pela primeira vez. Ela \u00e9 irm\u00e3 de Viviane Jungblut, nome frequente da equipe principal da modalidade.<\/p>\n<p><span style=\"font-weight: 400;\">Fonte: Ag\u00eancia Brasil<\/span><\/p>\n","protected":false},"excerpt":{"rendered":"<p>O Brasil foi ao p\u00f3dio seis vezes nesta quarta-feira (24) pelo Campeonato Sul-Americano de Esportes Aqu\u00e1ticos, disputado no Parque Ol\u00edmpico de Buenos Aires (Argentina). Foram tr\u00eas medalhas nos saltos ornamentais, sendo uma de ouro, e mais tr\u00eas na maratona aqu\u00e1tica. Nos saltos, teve dobradinha brasileira no trampolim de um metro feminino. A medalha de ouro [&hellip;]<\/p>\n","protected":false},"author":246,"featured_media":179790,"comment_status":"closed","ping_status":"closed","sticky":false,"template":"","format":"standard","meta":{"footnotes":""},"categories":[436,257],"tags":[],"class_list":["post-179789","post","type-post","status-publish","format-standard","has-post-thumbnail","hentry","category-destaque-da-semana","category-esporte"],"_links":{"self":[{"href":"https:\/\/diarioregionaldigital.com.br\/index.php?rest_route=\/wp\/v2\/posts\/179789","targetHints":{"allow":["GET"]}}],"collection":[{"href":"https:\/\/diarioregionaldigital.com.br\/index.php?rest_route=\/wp\/v2\/posts"}],"about":[{"href":"https:\/\/diarioregionaldigital.com.br\/index.php?rest_route=\/wp\/v2\/types\/post"}],"author":[{"embeddable":true,"href":"https:\/\/diarioregionaldigital.com.br\/index.php?rest_route=\/wp\/v2\/users\/246"}],"replies":[{"embeddable":true,"href":"https:\/\/diarioregionaldigital.com.br\/index.php?rest_route=%2Fwp%2Fv2%2Fcomments&post=179789"}],"version-history":[{"count":1,"href":"https:\/\/diarioregionaldigital.com.br\/index.php?rest_route=\/wp\/v2\/posts\/179789\/revisions"}],"predecessor-version":[{"id":179791,"href":"https:\/\/diarioregionaldigital.com.br\/index.php?rest_route=\/wp\/v2\/posts\/179789\/revisions\/179791"}],"wp:featuredmedia":[{"embeddable":true,"href":"https:\/\/diarioregionaldigital.com.br\/index.php?rest_route=\/wp\/v2\/media\/179790"}],"wp:attachment":[{"href":"https:\/\/diarioregionaldigital.com.br\/index.php?rest_route=%2Fwp%2Fv2%2Fmedia&parent=179789"}],"wp:term":[{"taxonomy":"category","embeddable":true,"href":"https:\/\/diarioregionaldigital.com.br\/index.php?rest_route=%2Fwp%2Fv2%2Fcategories&post=179789"},{"taxonomy":"post_tag","embeddable":true,"href":"https:\/\/diarioregionaldigital.com.br\/index.php?rest_route=%2Fwp%2Fv2%2Ftags&post=179789"}],"curies":[{"name":"wp","href":"https:\/\/api.w.org\/{rel}","templated":true}]}}