{"id":179786,"date":"2021-03-24T20:11:00","date_gmt":"2021-03-24T23:11:00","guid":{"rendered":"https:\/\/diarioregionaldigital.com.br\/?p=179786"},"modified":"2021-03-24T20:11:00","modified_gmt":"2021-03-24T23:11:00","slug":"conmebol-busca-vacinas-para-permitir-publico-na-copa-america","status":"publish","type":"post","link":"https:\/\/diarioregionaldigital.com.br\/?p=179786","title":{"rendered":"Conmebol busca vacinas para permitir p\u00fablico na Copa Am\u00e9rica"},"content":{"rendered":"<p>A Conmebol anunciou nesta ter\u00e7a-feira (23) que trabalha com os governos da Argentina e da Col\u00f4mbia para obter vacinas contra o novo coronav\u00edrus (covid-19) que permitiriam o acesso do p\u00fablico aos est\u00e1dios durante a Copa Am\u00e9rica.<img decoding=\"async\" src=\"https:\/\/agenciabrasil.ebc.com.br\/ebc.png?id=1404820&amp;o=node\" \/><img decoding=\"async\" src=\"https:\/\/agenciabrasil.ebc.com.br\/ebc.gif?id=1404820&amp;o=node\" \/><\/p>\n<p>Os pa\u00edses sul-americanos est\u00e3o em uma corrida para adquirir o maior n\u00famero poss\u00edvel de doses para imunizar suas popula\u00e7\u00f5es, \u00e0 medida que o coronav\u00edrus continua avan\u00e7ando na regi\u00e3o.<\/p>\n<p>O presidente da Conmebol, Alejandro Dom\u00ednguez, disse, durante seu discurso no 74\u00ba Congresso da Conmebol, que o avan\u00e7o da vacina\u00e7\u00e3o nos pa\u00edses sede do torneio, que ter\u00e1 in\u00edcio no dia 11 de junho, poder\u00e1 ajudar os est\u00e1dios a terem torcedores nas arquibancadas.<\/p>\n<p>\u201cEstamos a dias de come\u00e7ar nossa pr\u00f3xima edi\u00e7\u00e3o da Copa Am\u00e9rica em um novo formato e com dois pa\u00edses que s\u00e3o tremendamente fan\u00e1ticos por futebol e que est\u00e3o ansiosos para nos receber\u201d, disse o dirigente.<\/p>\n<p>\u201cEstamos trabalhando em conjunto com os dois Governos para conseguir o m\u00e1ximo de vacinas poss\u00edvel para que nossos est\u00e1dios tamb\u00e9m tenham a oportunidade de receber o p\u00fablico que torce por suas estrelas\u201d, acrescentou.<\/p>\n<p>A Copa Am\u00e9rica estava programada para ocorrer em 2020, mas foi adiada por um ano por causa da pandemia.<\/p>\n<p><span style=\"font-weight: 400;\"><br \/>\n<\/span><span style=\"font-weight: 400;\">Fonte: Ag\u00eancia Brasil<\/span><\/p>\n","protected":false},"excerpt":{"rendered":"<p>A Conmebol anunciou nesta ter\u00e7a-feira (23) que trabalha com os governos da Argentina e da Col\u00f4mbia para obter vacinas contra o novo coronav\u00edrus (covid-19) que permitiriam o acesso do p\u00fablico aos est\u00e1dios durante a Copa Am\u00e9rica. Os pa\u00edses sul-americanos est\u00e3o em uma corrida para adquirir o maior n\u00famero poss\u00edvel de doses para imunizar suas popula\u00e7\u00f5es, [&hellip;]<\/p>\n","protected":false},"author":246,"featured_media":179787,"comment_status":"closed","ping_status":"closed","sticky":false,"template":"","format":"standard","meta":{"footnotes":""},"categories":[436,257],"tags":[],"class_list":["post-179786","post","type-post","status-publish","format-standard","has-post-thumbnail","hentry","category-destaque-da-semana","category-esporte"],"_links":{"self":[{"href":"https:\/\/diarioregionaldigital.com.br\/index.php?rest_route=\/wp\/v2\/posts\/179786","targetHints":{"allow":["GET"]}}],"collection":[{"href":"https:\/\/diarioregionaldigital.com.br\/index.php?rest_route=\/wp\/v2\/posts"}],"about":[{"href":"https:\/\/diarioregionaldigital.com.br\/index.php?rest_route=\/wp\/v2\/types\/post"}],"author":[{"embeddable":true,"href":"https:\/\/diarioregionaldigital.com.br\/index.php?rest_route=\/wp\/v2\/users\/246"}],"replies":[{"embeddable":true,"href":"https:\/\/diarioregionaldigital.com.br\/index.php?rest_route=%2Fwp%2Fv2%2Fcomments&post=179786"}],"version-history":[{"count":1,"href":"https:\/\/diarioregionaldigital.com.br\/index.php?rest_route=\/wp\/v2\/posts\/179786\/revisions"}],"predecessor-version":[{"id":179788,"href":"https:\/\/diarioregionaldigital.com.br\/index.php?rest_route=\/wp\/v2\/posts\/179786\/revisions\/179788"}],"wp:featuredmedia":[{"embeddable":true,"href":"https:\/\/diarioregionaldigital.com.br\/index.php?rest_route=\/wp\/v2\/media\/179787"}],"wp:attachment":[{"href":"https:\/\/diarioregionaldigital.com.br\/index.php?rest_route=%2Fwp%2Fv2%2Fmedia&parent=179786"}],"wp:term":[{"taxonomy":"category","embeddable":true,"href":"https:\/\/diarioregionaldigital.com.br\/index.php?rest_route=%2Fwp%2Fv2%2Fcategories&post=179786"},{"taxonomy":"post_tag","embeddable":true,"href":"https:\/\/diarioregionaldigital.com.br\/index.php?rest_route=%2Fwp%2Fv2%2Ftags&post=179786"}],"curies":[{"name":"wp","href":"https:\/\/api.w.org\/{rel}","templated":true}]}}