{"id":179783,"date":"2021-03-24T20:00:16","date_gmt":"2021-03-24T23:00:16","guid":{"rendered":"https:\/\/diarioregionaldigital.com.br\/?p=179783"},"modified":"2021-03-24T20:00:16","modified_gmt":"2021-03-24T23:00:16","slug":"prefeitura-garante-que-nao-havera-corte-de-agua-para-categorias-residencial-e-social-nos-proximos-90-dias","status":"publish","type":"post","link":"https:\/\/diarioregionaldigital.com.br\/?p=179783","title":{"rendered":"Prefeitura garante que n\u00e3o haver\u00e1 corte de \u00e1gua para categorias residencial e social nos pr\u00f3ximos 90 dias"},"content":{"rendered":"<p>A prefeita de Juiz de Fora, Margarida Salom\u00e3o, assinou, na tarde desta quarta-feira, 24, um decreto determinando que os servi\u00e7os de \u00e1gua e esgoto n\u00e3o sejam suspensos por inadimpl\u00eancia pelos pr\u00f3ximos 90 dias no munic\u00edpio, para as categorias residencial e social. Desta forma, n\u00e3o haver\u00e1 cortes no fornecimento de \u00e1gua ou suspens\u00e3o dos servi\u00e7os de coleta de esgoto para os usu\u00e1rios dessas categorias no per\u00edodo.<\/p>\n<p>Na semana em que se comemora o Dia Mundial da \u00c1gua, a iniciativa \u00e9 um importante reconhecimento sobre o papel fundamental do saneamento b\u00e1sico e desse recurso para o bem-estar e a qualidade de vida da popula\u00e7\u00e3o, especialmente durante a pandemia. O decreto 14.427 ser\u00e1 publicado nos Atos do Governo desta quinta-feira, 25, e atende, ainda, a uma solicita\u00e7\u00e3o feita pelos vereadores Bejani J\u00fanior (PODE) e Juraci Sheffer (PT) \u00e0 Companhia de Saneamento Municipal (Cesama) da Prefeitura de Juiz de Fora (PJF).<\/p>\n<p>A medida foi autorizada tamb\u00e9m pela Ag\u00eancia Reguladora Intermunicipal de Saneamento B\u00e1sico de Minas Gerais (Arisb\/MG), \u00f3rg\u00e3o regulador da Cesama, por meio da Nota T\u00e9cnica 146\/2021, que levou em conta para a decis\u00e3o a manuten\u00e7\u00e3o do estado de emerg\u00eancia e calamidade decorrente da pandemia da Covid-19 em Juiz de Fora.<\/p>\n<p>Segundo a prefeita, a sugest\u00e3o dos vereadores foi acolhida \u201cpara que as pessoas que est\u00e3o sem pagar suas contas de \u00e1gua n\u00e3o sejam castigadas, neste momento, com o corte desse servi\u00e7o essencial\u201d. O vereador Bejani J\u00fanior evidenciou que \u201cesse \u00e9 o atendimento a um pedido da popula\u00e7\u00e3o, principalmente dos mais carentes, que est\u00e3o sofrendo com os efeitos socioecon\u00f4micos dessa pandemia devastadora\u201d.<\/p>\n<p><b>Negocia\u00e7\u00e3o de d\u00e9bitos<\/b><\/p>\n<p>Desde o in\u00edcio da pandemia, a Cesama tem dado aten\u00e7\u00e3o especial \u00e0 negocia\u00e7\u00e3o de d\u00e9bitos, de acordo com as normas da companhia, levando em conta as condi\u00e7\u00f5es socioecon\u00f4micas de cada usu\u00e1rio. Atualmente, os pedidos de an\u00e1lise para parcelamento est\u00e3o sendo feitos, exclusivamente, via WhatsApp e Telegram, pelo n\u00famero 98420-5396.<\/p>\n<p>Fonte: Assessoria<\/p>\n","protected":false},"excerpt":{"rendered":"<p>A prefeita de Juiz de Fora, Margarida Salom\u00e3o, assinou, na tarde desta quarta-feira, 24, um decreto determinando que os servi\u00e7os de \u00e1gua e esgoto n\u00e3o sejam suspensos por inadimpl\u00eancia pelos pr\u00f3ximos 90 dias no munic\u00edpio, para as categorias residencial e social. Desta forma, n\u00e3o haver\u00e1 cortes no fornecimento de \u00e1gua ou suspens\u00e3o dos servi\u00e7os de [&hellip;]<\/p>\n","protected":false},"author":246,"featured_media":179784,"comment_status":"closed","ping_status":"closed","sticky":false,"template":"","format":"standard","meta":{"footnotes":""},"categories":[253,440,262,439],"tags":[],"class_list":["post-179783","post","type-post","status-publish","format-standard","has-post-thumbnail","hentry","category-cidade","category-destaques-do-dia","category-noticias","category-ultima-hora"],"_links":{"self":[{"href":"https:\/\/diarioregionaldigital.com.br\/index.php?rest_route=\/wp\/v2\/posts\/179783","targetHints":{"allow":["GET"]}}],"collection":[{"href":"https:\/\/diarioregionaldigital.com.br\/index.php?rest_route=\/wp\/v2\/posts"}],"about":[{"href":"https:\/\/diarioregionaldigital.com.br\/index.php?rest_route=\/wp\/v2\/types\/post"}],"author":[{"embeddable":true,"href":"https:\/\/diarioregionaldigital.com.br\/index.php?rest_route=\/wp\/v2\/users\/246"}],"replies":[{"embeddable":true,"href":"https:\/\/diarioregionaldigital.com.br\/index.php?rest_route=%2Fwp%2Fv2%2Fcomments&post=179783"}],"version-history":[{"count":1,"href":"https:\/\/diarioregionaldigital.com.br\/index.php?rest_route=\/wp\/v2\/posts\/179783\/revisions"}],"predecessor-version":[{"id":179785,"href":"https:\/\/diarioregionaldigital.com.br\/index.php?rest_route=\/wp\/v2\/posts\/179783\/revisions\/179785"}],"wp:featuredmedia":[{"embeddable":true,"href":"https:\/\/diarioregionaldigital.com.br\/index.php?rest_route=\/wp\/v2\/media\/179784"}],"wp:attachment":[{"href":"https:\/\/diarioregionaldigital.com.br\/index.php?rest_route=%2Fwp%2Fv2%2Fmedia&parent=179783"}],"wp:term":[{"taxonomy":"category","embeddable":true,"href":"https:\/\/diarioregionaldigital.com.br\/index.php?rest_route=%2Fwp%2Fv2%2Fcategories&post=179783"},{"taxonomy":"post_tag","embeddable":true,"href":"https:\/\/diarioregionaldigital.com.br\/index.php?rest_route=%2Fwp%2Fv2%2Ftags&post=179783"}],"curies":[{"name":"wp","href":"https:\/\/api.w.org\/{rel}","templated":true}]}}