{"id":179777,"date":"2021-03-24T19:44:28","date_gmt":"2021-03-24T22:44:28","guid":{"rendered":"https:\/\/diarioregionaldigital.com.br\/?p=179777"},"modified":"2021-03-24T19:44:28","modified_gmt":"2021-03-24T22:44:28","slug":"camara-divulga-orientacoes-sobre-a-onda-roxa-do-programa-minas-consciente","status":"publish","type":"post","link":"https:\/\/diarioregionaldigital.com.br\/?p=179777","title":{"rendered":"C\u00e2mara divulga orienta\u00e7\u00f5es sobre a Onda Roxa do Programa Minas Consciente"},"content":{"rendered":"<p>Juiz de Fora est\u00e1, desde o dia 13 de mar\u00e7o, na Onda Roxa do Programa Minas Consciente. O decreto estadual \u00e9 uma medida emergencial e obrigat\u00f3ria nas regi\u00f5es que est\u00e3o inseridas dentro da faixa mais restritiva para conter o avan\u00e7o da COVID-19. Hoje, todo o estado de Minas Gerais encontra-se na Onda Roxa. Apesar de estar em vigor h\u00e1 duas semanas, o decreto ainda gera muitas d\u00favidas. Foi pensando nisso que a C\u00e2mara Municipal de Juiz de Fora (CMJF) resolveu divulgar, tamb\u00e9m, as orienta\u00e7\u00f5es sobre a Onda Roxa e como o cidad\u00e3o pode e deve fazer a sua parte para que possamos, o mais breve poss\u00edvel, voltar para as medidas menos restritivas.<\/p>\n<p><strong>Quais s\u00e3o os servi\u00e7os permitidos?<\/strong><\/p>\n<p>\u2022 Delivery ou retirada (qualquer estabelecimento comercial);<\/p>\n<p>\u2022 Todo o setor de sa\u00fade (consult\u00f3rios, hospitais, atendimento, farm\u00e1cia, \u00f3ticas, ind\u00fastrias, veterin\u00e1rias e pet shops, \u00faltimo per\u00edodo de cursos de sa\u00fade, etc.);<\/p>\n<p>\u2022 Todo o setor aliment\u00edcio (ind\u00fastrias, produ\u00e7\u00e3o, mercados, padarias, etc.);<\/p>\n<p>\u2022 Combust\u00edveis, g\u00e1s, mec\u00e2nicas, borracharias, aluguel e manuten\u00e7\u00e3o de ve\u00edculos e maquin\u00e1rio em geral, transporte de cargas, passageiros, aplicativos de transporte e outros;<\/p>\n<p>\u2022 Constru\u00e7\u00e3o civil;<\/p>\n<p>\u2022 Ag\u00eancias banc\u00e1rias, lot\u00e9ricas e similares;<\/p>\n<p>\u2022 Tecnologia da informa\u00e7\u00e3o, telecomunica\u00e7\u00e3o, imprensa;<\/p>\n<p>\u2022 Setores industriais, desde que relacionados \u00e0 cadeia produtiva de servi\u00e7os e produtos essenciais;<\/p>\n<p>\u2022 Lavanderias, servi\u00e7os dom\u00e9sticos, cuidadores e terapeutas;<\/p>\n<p>\u2022 Hotelaria (trabalhadores de servi\u00e7os essenciais, resid\u00eancia ou isolamento em caso de COVID-19).<\/p>\n<p><strong>Quais s\u00e3o as medidas de circula\u00e7\u00e3o e restri\u00e7\u00e3o?\u00a0<\/strong><\/p>\n<p>\u2022 Restri\u00e7\u00e3o de circula\u00e7\u00e3o entre 20h e 5h;<\/p>\n<p>\u2022 Proibi\u00e7\u00e3o de circula\u00e7\u00e3o de pessoas com sintomas de gripe (exceto para consultas m\u00e9dicas e atendimento hospitalar);<\/p>\n<p>\u2022 Proibi\u00e7\u00e3o de reuni\u00f5es presenciais;<\/p>\n<p>\u2022 Proibi\u00e7\u00e3o de circula\u00e7\u00e3o de pessoas sem o uso de m\u00e1scara;<\/p>\n<p>\u2022 Proibi\u00e7\u00e3o de eventos p\u00fablicos ou privados.<\/p>\n<p>A Onda Roxa prev\u00ea ainda a instala\u00e7\u00e3o de barreiras sanit\u00e1rias e refor\u00e7o da Pol\u00edcia Militar de Minas Gerais (PMMG) na fiscaliza\u00e7\u00e3o. \u00c9 importante lembrar que o decreto tem por objetivo manter a integridade do Sistema de Sa\u00fade, mas que a popula\u00e7\u00e3o precisa fazer a sua parte. Ent\u00e3o, se puder, fique em casa, mantenha o distanciamento social e n\u00e3o se esque\u00e7a de usar a m\u00e1scara e de manter as m\u00e3os sempre limpas e higienizadas. Vencer a COVID-19 \u00e9 uma batalha de todos n\u00f3s.<\/p>\n<p>Fonte: Assessoria<\/p>\n","protected":false},"excerpt":{"rendered":"<p>Juiz de Fora est\u00e1, desde o dia 13 de mar\u00e7o, na Onda Roxa do Programa Minas Consciente. O decreto estadual \u00e9 uma medida emergencial e obrigat\u00f3ria nas regi\u00f5es que est\u00e3o inseridas dentro da faixa mais restritiva para conter o avan\u00e7o da COVID-19. Hoje, todo o estado de Minas Gerais encontra-se na Onda Roxa. Apesar de [&hellip;]<\/p>\n","protected":false},"author":246,"featured_media":179778,"comment_status":"closed","ping_status":"closed","sticky":false,"template":"","format":"standard","meta":{"footnotes":""},"categories":[253,436,439],"tags":[],"class_list":["post-179777","post","type-post","status-publish","format-standard","has-post-thumbnail","hentry","category-cidade","category-destaque-da-semana","category-ultima-hora"],"_links":{"self":[{"href":"https:\/\/diarioregionaldigital.com.br\/index.php?rest_route=\/wp\/v2\/posts\/179777","targetHints":{"allow":["GET"]}}],"collection":[{"href":"https:\/\/diarioregionaldigital.com.br\/index.php?rest_route=\/wp\/v2\/posts"}],"about":[{"href":"https:\/\/diarioregionaldigital.com.br\/index.php?rest_route=\/wp\/v2\/types\/post"}],"author":[{"embeddable":true,"href":"https:\/\/diarioregionaldigital.com.br\/index.php?rest_route=\/wp\/v2\/users\/246"}],"replies":[{"embeddable":true,"href":"https:\/\/diarioregionaldigital.com.br\/index.php?rest_route=%2Fwp%2Fv2%2Fcomments&post=179777"}],"version-history":[{"count":1,"href":"https:\/\/diarioregionaldigital.com.br\/index.php?rest_route=\/wp\/v2\/posts\/179777\/revisions"}],"predecessor-version":[{"id":179779,"href":"https:\/\/diarioregionaldigital.com.br\/index.php?rest_route=\/wp\/v2\/posts\/179777\/revisions\/179779"}],"wp:featuredmedia":[{"embeddable":true,"href":"https:\/\/diarioregionaldigital.com.br\/index.php?rest_route=\/wp\/v2\/media\/179778"}],"wp:attachment":[{"href":"https:\/\/diarioregionaldigital.com.br\/index.php?rest_route=%2Fwp%2Fv2%2Fmedia&parent=179777"}],"wp:term":[{"taxonomy":"category","embeddable":true,"href":"https:\/\/diarioregionaldigital.com.br\/index.php?rest_route=%2Fwp%2Fv2%2Fcategories&post=179777"},{"taxonomy":"post_tag","embeddable":true,"href":"https:\/\/diarioregionaldigital.com.br\/index.php?rest_route=%2Fwp%2Fv2%2Ftags&post=179777"}],"curies":[{"name":"wp","href":"https:\/\/api.w.org\/{rel}","templated":true}]}}