{"id":179773,"date":"2021-03-24T19:36:47","date_gmt":"2021-03-24T22:36:47","guid":{"rendered":"https:\/\/diarioregionaldigital.com.br\/?p=179773"},"modified":"2021-03-24T19:36:47","modified_gmt":"2021-03-24T22:36:47","slug":"profissionais-de-saude-sao-vacinados-nesta-5a-no-drive-thru-e-na-6a-em-sete-ubss","status":"publish","type":"post","link":"https:\/\/diarioregionaldigital.com.br\/?p=179773","title":{"rendered":"Profissionais de sa\u00fade s\u00e3o vacinados nesta 5\u00aa, no drive-thru, e na 6\u00aa, em sete UBSs"},"content":{"rendered":"<div id=\"box_texto_noticia\">A vacina\u00e7\u00e3o dos profissionais de sa\u00fade com 40 anos ou mais que est\u00e3o na ativa continuar\u00e1 a ser realizada nesta quinta-feira, 25, no drive-thru na Faculdade de Educa\u00e7\u00e3o da Universidade Federal de Juiz de Fora (UFJF), das 9h \u00e0s 16h. A partir desta sexta (26), esse grupo poder\u00e1 se vacinar nas sete Unidades B\u00e1sicas de Sa\u00fade (UBSs) indicadas, das 8h \u00e0s 16h. O movimento \u00e9 maior pela manh\u00e3, raz\u00e3o pela qual a recomenda\u00e7\u00e3o \u00e9 para as pessoas darem prefer\u00eancia ao atendimento \u00e0 tarde, principalmente nas UBSs.<\/p>\n<p>Ser\u00e3o vacinados bi\u00f3logos, biom\u00e9dicos, enfermeiros, farmac\u00eauticos, fisioterapeutas, terapeutas ocupacionais, fonoaudi\u00f3logos, m\u00e9dicos, m\u00e9dicos veterin\u00e1rios, nutricionistas, odont\u00f3logos, psic\u00f3logos, assistentes sociais, educadores f\u00edsicos e t\u00e9cnicos em radiologia, conforme a\u00a0<a href=\"https:\/\/bvsms.saude.gov.br\/bvs\/saudelegis\/gm\/2020\/prt0639_02_04_2020.html\"><b>portaria 639, de 31 de mar\u00e7o de 2020<\/b><\/a>, do Minist\u00e9rio da Sa\u00fade (MS). S\u00e3o profissionais envolvidos diretamente com assist\u00eancia em sa\u00fade.<\/p>\n<p>Segundo as diretrizes dos informes t\u00e9cnicos do Programa Nacional de Imuniza\u00e7\u00e3o (PNI), do Minist\u00e9rio da Sa\u00fade, somente devem ser imunizados, neste momento, os profissionais que atuam na \u00e1rea assistencial e vigil\u00e2ncia em sa\u00fade em espa\u00e7os e estabelecimentos de sa\u00fade, sejam hospitais, cl\u00ednicas, ambulat\u00f3rios e outros locais, que ainda atuem nas redes p\u00fablica e privada e n\u00e3o foram vacinados at\u00e9 o momento. Os aut\u00f4nomos devem comprovar presta\u00e7\u00e3o de servi\u00e7o a estabelecimento de Sa\u00fade, como exemplo, um m\u00e9dico ou um enfermeiro aut\u00f4nomo que presta servi\u00e7o para um hospital.<\/p>\n<p><b>Profissionais n\u00e3o atendidos neste grupo<\/b><\/p>\n<p><a href=\"https:\/\/novalima.mg.gov.br\/uploads\/arquivos\/1616158544tLKcmfOjCK.pdf\"><b>O Of\u00edcio Circular N\u00ba 57\/2021\/SVS\/MS<\/b><\/a>\u00a0diz expressamente que os trabalhadores dos demais estabelecimentos de servi\u00e7os de interesse \u00e0 sa\u00fade (exemplos: academias de gin\u00e1stica, clubes, sal\u00e3o de beleza, cl\u00ednica de est\u00e9tica, \u00f3ticas, est\u00fadios de tatuagem e estabelecimentos de sa\u00fade animal) n\u00e3o ser\u00e3o atendidos nos grupos priorit\u00e1rios, elencados inicialmente para a vacina\u00e7\u00e3o.<\/p>\n<p>No momento da vacina\u00e7\u00e3o, todos devem apresentar original e c\u00f3pia da carteira de registro no Conselho de Classe e tamb\u00e9m de um documento que comprove a vincula\u00e7\u00e3o ativa do profissional com o exerc\u00edcio da atividade ou declara\u00e7\u00e3o do pr\u00f3prio profissional nesse sentido. Podem ser apresentados comprovantes como microempreendedor Individual, holerite, contra-cheque, entre outros.<\/p>\n<p><b>Locais de vacina\u00e7\u00e3o dos profissionais de sa\u00fade com 40 anos ou mais a partir desta sexta-feira, 26<\/b><\/p>\n<p>UBS Benfica: Rua Guararapes, 106;<br \/>\nUBS Nossa Senhora das Gra\u00e7as: Rua Queluz 72.<br \/>\nUBS Nossa Senhora Aparecida: Rua Nossa Senhora Aparecida, n\u00ba 775;<br \/>\nUBS Vila Ideal: Avenida Francisco Valadares, n\u00ba 1.910;<br \/>\nUBS Santa Luzia: Rua Torre\u00f5es, s\/n\u00ba;<br \/>\nUBS S\u00e3o Pedro: Rua Jo\u00e3o Louren\u00e7o Kelmer, n\u00ba 1.433;<br \/>\nUBS Borboleta: Rua Tenente Paulo Maria Delage 297.<\/p>\n<p><b>Locais de vacina\u00e7\u00e3o dos profissionais de sa\u00fade a partir dos 40 anos<\/b><\/p>\n<p>Dia 24 de mar\u00e7o: no Drive-thru na UFJF<br \/>\nDia 25 de mar\u00e7o: no Drive-thru na UFJF<br \/>\nDia 26 de mar\u00e7o: UBS Benfica, Nossa Senhora das Gra\u00e7as, Nossa Senhora Aparecida, Vila Ideal, Santa Luzia, S\u00e3o Pedro e Borboleta.<\/p>\n<p>Fonte: Assessoria<\/p><\/div>\n","protected":false},"excerpt":{"rendered":"<p>A vacina\u00e7\u00e3o dos profissionais de sa\u00fade com 40 anos ou mais que est\u00e3o na ativa continuar\u00e1 a ser realizada nesta quinta-feira, 25, no drive-thru na Faculdade de Educa\u00e7\u00e3o da Universidade Federal de Juiz de Fora (UFJF), das 9h \u00e0s 16h. A partir desta sexta (26), esse grupo poder\u00e1 se vacinar nas sete Unidades B\u00e1sicas de [&hellip;]<\/p>\n","protected":false},"author":246,"featured_media":179775,"comment_status":"closed","ping_status":"closed","sticky":false,"template":"","format":"standard","meta":{"footnotes":""},"categories":[253,436,440,262,439],"tags":[],"class_list":["post-179773","post","type-post","status-publish","format-standard","has-post-thumbnail","hentry","category-cidade","category-destaque-da-semana","category-destaques-do-dia","category-noticias","category-ultima-hora"],"_links":{"self":[{"href":"https:\/\/diarioregionaldigital.com.br\/index.php?rest_route=\/wp\/v2\/posts\/179773","targetHints":{"allow":["GET"]}}],"collection":[{"href":"https:\/\/diarioregionaldigital.com.br\/index.php?rest_route=\/wp\/v2\/posts"}],"about":[{"href":"https:\/\/diarioregionaldigital.com.br\/index.php?rest_route=\/wp\/v2\/types\/post"}],"author":[{"embeddable":true,"href":"https:\/\/diarioregionaldigital.com.br\/index.php?rest_route=\/wp\/v2\/users\/246"}],"replies":[{"embeddable":true,"href":"https:\/\/diarioregionaldigital.com.br\/index.php?rest_route=%2Fwp%2Fv2%2Fcomments&post=179773"}],"version-history":[{"count":1,"href":"https:\/\/diarioregionaldigital.com.br\/index.php?rest_route=\/wp\/v2\/posts\/179773\/revisions"}],"predecessor-version":[{"id":179776,"href":"https:\/\/diarioregionaldigital.com.br\/index.php?rest_route=\/wp\/v2\/posts\/179773\/revisions\/179776"}],"wp:featuredmedia":[{"embeddable":true,"href":"https:\/\/diarioregionaldigital.com.br\/index.php?rest_route=\/wp\/v2\/media\/179775"}],"wp:attachment":[{"href":"https:\/\/diarioregionaldigital.com.br\/index.php?rest_route=%2Fwp%2Fv2%2Fmedia&parent=179773"}],"wp:term":[{"taxonomy":"category","embeddable":true,"href":"https:\/\/diarioregionaldigital.com.br\/index.php?rest_route=%2Fwp%2Fv2%2Fcategories&post=179773"},{"taxonomy":"post_tag","embeddable":true,"href":"https:\/\/diarioregionaldigital.com.br\/index.php?rest_route=%2Fwp%2Fv2%2Ftags&post=179773"}],"curies":[{"name":"wp","href":"https:\/\/api.w.org\/{rel}","templated":true}]}}