{"id":179769,"date":"2021-03-24T19:19:36","date_gmt":"2021-03-24T22:19:36","guid":{"rendered":"https:\/\/diarioregionaldigital.com.br\/?p=179769"},"modified":"2021-03-24T19:19:36","modified_gmt":"2021-03-24T22:19:36","slug":"romeu-zema-vai-a-brasilia-e-pede-esforco-internacional-para-compra-de-medicamentos-e-vacinas-contra-covid","status":"publish","type":"post","link":"https:\/\/diarioregionaldigital.com.br\/?p=179769","title":{"rendered":"Romeu Zema vai a Bras\u00edlia e pede esfor\u00e7o internacional para compra de medicamentos e vacinas contra covid"},"content":{"rendered":"<p><main class=\"clear margin-md-bottom-3\"><\/p>\n<div class=\"clear \">\n<p>O governador Romeu Zema participou nesta quarta-feira (24\/3) de reuni\u00e3o em Bras\u00edlia para tratar sobre a situa\u00e7\u00e3o da pandemia no pa\u00eds e buscar solu\u00e7\u00f5es imediatas para conter o avan\u00e7o da doen\u00e7a e minimizar o sofrimento da popula\u00e7\u00e3o. Zema sugeriu um urgente esfor\u00e7o internacional para compra de medicamentos, insumos e vacinas contra a covid-19 e pediu agilidade na implementa\u00e7\u00e3o de medidas de socorro ao setor produtivo. Tamb\u00e9m foi solicitada ajuda para reposi\u00e7\u00e3o de cilindros de oxig\u00eanio.<\/p>\n<p>O encontro teve a participa\u00e7\u00e3o do presidente Jair Bolsonaro, presidentes do Supremo Tribunal Federal (STF), Luiz Fux,\u00a0do Senado, Rodrigo Pacheco, e da C\u00e2mara dos Deputados, Arthur Lyra, al\u00e9m de ministros e outros governadores.<\/p>\n<p>\u201cDesde o in\u00edcio da pandemia tenho dito que brigar n\u00e3o resolve a situa\u00e7\u00e3o. Hoje, nos reunimos em Bras\u00edlia para discutir solu\u00e7\u00f5es para os problemas que afligem os brasileiros. Propus um esfor\u00e7o internacional imediato para comprarmos medicamentos e vacinas. Sobre as vacinas, uma alternativa importante \u00e9 um esfor\u00e7o diplom\u00e1tico junto a pa\u00edses que contam com sobras de doses, no momento\u201d, disse o governador.<\/p>\n<p>Zema ressaltou ainda a necessidade de se pensar alternativas para atrair profissionais de Sa\u00fade, tendo em vista a exaust\u00e3o e o adoecimento de quem est\u00e1 na linha de frente dos hospitais. Ele tamb\u00e9m pediu prioridade no aux\u00edlio \u00e0s micro e pequenas empresas que sofrem com a crise econ\u00f4mica imposta pela pandemia.<\/p>\n<p>\u201c\u00c9 necess\u00e1rio que tenhamos agilidade para colocar em pr\u00e1tica medidas que ajudem o setor produtivo. Ficou acertado que faremos uma constru\u00e7\u00e3o coletiva pelo Brasil. Precisamos de urg\u00eancia\u201d, afirmou.<\/p>\n<p>Ao final da reuni\u00e3o, foi definida a cria\u00e7\u00e3o de um comit\u00ea para discutir o combate ao coronav\u00edrus reunindo membros do Executivo e Legislativo, com interlocu\u00e7\u00e3o com governadores.<\/p>\n<p><span style=\"font-weight: 400;\">Fonte: Ag\u00eancia Minas<\/span><\/p>\n<\/div>\n<p><\/main><\/p>\n","protected":false},"excerpt":{"rendered":"<p>O governador Romeu Zema participou nesta quarta-feira (24\/3) de reuni\u00e3o em Bras\u00edlia para tratar sobre a situa\u00e7\u00e3o da pandemia no pa\u00eds e buscar solu\u00e7\u00f5es imediatas para conter o avan\u00e7o da doen\u00e7a e minimizar o sofrimento da popula\u00e7\u00e3o. Zema sugeriu um urgente esfor\u00e7o internacional para compra de medicamentos, insumos e vacinas contra a covid-19 e pediu [&hellip;]<\/p>\n","protected":false},"author":246,"featured_media":179770,"comment_status":"closed","ping_status":"closed","sticky":false,"template":"","format":"standard","meta":{"footnotes":""},"categories":[436,440,262,254,439],"tags":[],"class_list":["post-179769","post","type-post","status-publish","format-standard","has-post-thumbnail","hentry","category-destaque-da-semana","category-destaques-do-dia","category-noticias","category-politica","category-ultima-hora"],"_links":{"self":[{"href":"https:\/\/diarioregionaldigital.com.br\/index.php?rest_route=\/wp\/v2\/posts\/179769","targetHints":{"allow":["GET"]}}],"collection":[{"href":"https:\/\/diarioregionaldigital.com.br\/index.php?rest_route=\/wp\/v2\/posts"}],"about":[{"href":"https:\/\/diarioregionaldigital.com.br\/index.php?rest_route=\/wp\/v2\/types\/post"}],"author":[{"embeddable":true,"href":"https:\/\/diarioregionaldigital.com.br\/index.php?rest_route=\/wp\/v2\/users\/246"}],"replies":[{"embeddable":true,"href":"https:\/\/diarioregionaldigital.com.br\/index.php?rest_route=%2Fwp%2Fv2%2Fcomments&post=179769"}],"version-history":[{"count":1,"href":"https:\/\/diarioregionaldigital.com.br\/index.php?rest_route=\/wp\/v2\/posts\/179769\/revisions"}],"predecessor-version":[{"id":179771,"href":"https:\/\/diarioregionaldigital.com.br\/index.php?rest_route=\/wp\/v2\/posts\/179769\/revisions\/179771"}],"wp:featuredmedia":[{"embeddable":true,"href":"https:\/\/diarioregionaldigital.com.br\/index.php?rest_route=\/wp\/v2\/media\/179770"}],"wp:attachment":[{"href":"https:\/\/diarioregionaldigital.com.br\/index.php?rest_route=%2Fwp%2Fv2%2Fmedia&parent=179769"}],"wp:term":[{"taxonomy":"category","embeddable":true,"href":"https:\/\/diarioregionaldigital.com.br\/index.php?rest_route=%2Fwp%2Fv2%2Fcategories&post=179769"},{"taxonomy":"post_tag","embeddable":true,"href":"https:\/\/diarioregionaldigital.com.br\/index.php?rest_route=%2Fwp%2Fv2%2Ftags&post=179769"}],"curies":[{"name":"wp","href":"https:\/\/api.w.org\/{rel}","templated":true}]}}