{"id":179765,"date":"2021-03-24T19:13:40","date_gmt":"2021-03-24T22:13:40","guid":{"rendered":"https:\/\/diarioregionaldigital.com.br\/?p=179765"},"modified":"2021-03-24T19:13:40","modified_gmt":"2021-03-24T22:13:40","slug":"proposta-de-orcamento-para-2021-sera-votada-nesta-quinta-feira-na-cmo-e-no-congresso","status":"publish","type":"post","link":"https:\/\/diarioregionaldigital.com.br\/?p=179765","title":{"rendered":"Proposta de Or\u00e7amento para 2021 ser\u00e1 votada nesta quinta-feira na CMO e no Congresso"},"content":{"rendered":"<p>O Congresso Nacional dever\u00e1 se reunir nesta quinta-feira (25) para analisar a proposta or\u00e7ament\u00e1ria deste ano (PLN 28\/20). Em raz\u00e3o da pandemia de Covid-19, a sess\u00e3o acontecer\u00e1 em duas etapas. A primeira, na C\u00e2mara dos Deputados, est\u00e1 marcada para as 15 horas. A segunda, no Senado, para as 18 horas.<\/p>\n<p>O relator-geral do Or\u00e7amento, senador Marcio Bittar (MDB-AC), apresentou no domingo (21) a <a href=\"https:\/\/www.camara.leg.br\/noticias\/738118-relator-geral-divulga-parecer-e-faz-ajustes-na-proposta-de-orcamento\/\">primeira vers\u00e3o do parecer final<\/a>. Ele poder\u00e1 fazer altera\u00e7\u00f5es e suprimir trechos antes de submet\u00ea-lo \u00e0 Comiss\u00e3o Mista de Or\u00e7amento (<span id=\"4053\" class=\"termoGlossario\" title=\"\" contenteditable=\"false\" data-toggle=\"tooltip\" data-placement=\"top\" data-original-title=\"Comiss\u00e3o de deputados e senadores respons\u00e1vel pela an\u00e1lise das propostas or\u00e7ament\u00e1rias elaboradas pelo Executivo: Lei de Diretrizes Or\u00e7ament\u00e1rias (LDO), Lei Or\u00e7ament\u00e1ria Anual (LOA) e Plano Plurianual (PPA).\">CMO<\/span>). \u00c9 o parecer da CMO sobre o relat\u00f3rio que o Congresso analisar\u00e1 nesta tarde.<\/p>\n<p>A CMO j\u00e1 deveria ter discutido o texto, mas um acordo adiou os trabalhos para esta quinta, \u00e0s 10 horas. A presidente do colegiado, deputada <a href=\"https:\/\/www.camara.leg.br\/deputados\/204354\">Fl\u00e1via Arruda (PL-DF)<\/a>, e os l\u00edderes partid\u00e1rios resolveram analisar alternativas para viabilizar a vota\u00e7\u00e3o do parecer na comiss\u00e3o mista, de manh\u00e3, e no Congresso, \u00e0 tarde.<\/p>\n<p><strong>Pontos pol\u00eamicos<\/strong><br \/>\nO acordo surgiu depois que parlamentares de oposi\u00e7\u00e3o e da base de apoio ao governo <a href=\"https:\/\/www.camara.leg.br\/noticias\/739145-gastos-abaixo-do-necessario-podem-acirrar-debates-sobre-o-orcamento\/\">questionaram pontos<\/a> do relat\u00f3rio de Marcio Bittar. Faltaria dinheiro para sa\u00fade, educa\u00e7\u00e3o, ci\u00eancia e tecnologia, infraestrutura, seguran\u00e7a e turismo, al\u00e9m de verbas para combate \u00e0s drogas e \u00e0 viol\u00eancia contra mulheres.<\/p>\n<p>O deputado <a href=\"https:\/\/www.camara.leg.br\/deputados\/72442\">Felipe Carreras (PSB-PE)<\/a> recebeu muitos apoios para um <span id=\"4027\" class=\"termoGlossario\" title=\"\" contenteditable=\"false\" data-toggle=\"tooltip\" data-placement=\"top\" data-original-title=\"Pedido feito por deputado ou l\u00edder de partido para votar, de forma separada, emenda ou parte do texto. A vota\u00e7\u00e3o ocorre ap\u00f3s a aprova\u00e7\u00e3o do texto principal.\">destaque<\/span> que devolve recursos ao Censo Demogr\u00e1fico. O relator-geral foi criticado por <a href=\"https:\/\/www.camara.leg.br\/noticias\/738188-parecer-final-do-orcamento-reduz-verbas-para-o-censo-demografico\/\">cortar R$ 1,75 bilh\u00e3o<\/a> dessa a\u00e7\u00e3o or\u00e7ament\u00e1ria, que restar\u00e1 inviabilizada. A contagem populacional em 2020 j\u00e1 havia sido adiada em raz\u00e3o da pandemia de Covid-19.<\/p>\n<p>Fl\u00e1via Arruda e o l\u00edder do governo na CMO, deputado <a href=\"https:\/\/www.camara.leg.br\/deputados\/74537\">Claudio Cajado (PP-BA)<\/a>, avaliam que o parecer do relator-geral \u00e9 \u201cjusto e realista\u201d em um cen\u00e1rio de restri\u00e7\u00f5es fiscais. Em documento, a equipe econ\u00f4mica alertou ontem que, neste ano, h\u00e1 risco de um <a href=\"https:\/\/www.camara.leg.br\/noticias\/738637-EQUIPE-ECONOMICA-PROJETA-AJUSTE-DE-R$-17,5-BI-EM-DESPESAS-OBRIGATORIAS\">\u201cestouro\u201d de quase R$ 17,6 bilh\u00f5es<\/a> no teto dos gastos.<\/p>\n<p><strong>Vis\u00e3o geral<\/strong><br \/>\nA proposta or\u00e7ament\u00e1ria para 2021 sugere melhora no Produto Interno Bruto (<span id=\"4128\" class=\"termoGlossario\" title=\"\" contenteditable=\"false\" data-toggle=\"tooltip\" data-placement=\"top\" data-original-title=\"Indicador que mede a produ\u00e7\u00e3o total de bens e servi\u00e7os finais de um pa\u00eds, levando em conta tr\u00eas grupos principais: (1) agropecu\u00e1ria, abrangendo agricultura extrativa vegetal e pecu\u00e1ria; (2) ind\u00fastria, que engloba as \u00e1reas de extra\u00e7\u00e3o mineral, de transforma\u00e7\u00e3o, de servi\u00e7os industriais de utilidade p\u00fablica e de constru\u00e7\u00e3o civil; e (3) servi\u00e7os, que incluem com\u00e9rcio, transporte, comunica\u00e7\u00e3o, servi\u00e7os da administra\u00e7\u00e3o p\u00fablica e outros. A partir de uma compara\u00e7\u00e3o entre a produ\u00e7\u00e3o de um ano e do anterior, encontra-se a varia\u00e7\u00e3o anual do PIB.\">PIB<\/span>) \u2013 um crescimento de 3,2% com base em dados de novembro. Com a pandemia, a economia encolheu 4,1% em 2020, o pior resultado em 25 anos.<\/p>\n<p>A meta fiscal \u00e9 um d\u00e9ficit de R$ 247,1 bilh\u00f5es para o governo central (Tesouro, Banco Central e Previd\u00eancia), ante o recorde de R$ 743,1 bilh\u00f5es em 2020, tamb\u00e9m devido \u00e0 Covid-19. O resultado prim\u00e1rio est\u00e1 no vermelho desde 2014.<\/p>\n<p>Fonte: Ag\u00eancia C\u00e2mara de Not\u00edcias<\/p>\n","protected":false},"excerpt":{"rendered":"<p>O Congresso Nacional dever\u00e1 se reunir nesta quinta-feira (25) para analisar a proposta or\u00e7ament\u00e1ria deste ano (PLN 28\/20). Em raz\u00e3o da pandemia de Covid-19, a sess\u00e3o acontecer\u00e1 em duas etapas. A primeira, na C\u00e2mara dos Deputados, est\u00e1 marcada para as 15 horas. A segunda, no Senado, para as 18 horas. O relator-geral do Or\u00e7amento, senador [&hellip;]<\/p>\n","protected":false},"author":246,"featured_media":179766,"comment_status":"closed","ping_status":"closed","sticky":false,"template":"","format":"standard","meta":{"footnotes":""},"categories":[436,262,254,439],"tags":[],"class_list":["post-179765","post","type-post","status-publish","format-standard","has-post-thumbnail","hentry","category-destaque-da-semana","category-noticias","category-politica","category-ultima-hora"],"_links":{"self":[{"href":"https:\/\/diarioregionaldigital.com.br\/index.php?rest_route=\/wp\/v2\/posts\/179765","targetHints":{"allow":["GET"]}}],"collection":[{"href":"https:\/\/diarioregionaldigital.com.br\/index.php?rest_route=\/wp\/v2\/posts"}],"about":[{"href":"https:\/\/diarioregionaldigital.com.br\/index.php?rest_route=\/wp\/v2\/types\/post"}],"author":[{"embeddable":true,"href":"https:\/\/diarioregionaldigital.com.br\/index.php?rest_route=\/wp\/v2\/users\/246"}],"replies":[{"embeddable":true,"href":"https:\/\/diarioregionaldigital.com.br\/index.php?rest_route=%2Fwp%2Fv2%2Fcomments&post=179765"}],"version-history":[{"count":2,"href":"https:\/\/diarioregionaldigital.com.br\/index.php?rest_route=\/wp\/v2\/posts\/179765\/revisions"}],"predecessor-version":[{"id":179768,"href":"https:\/\/diarioregionaldigital.com.br\/index.php?rest_route=\/wp\/v2\/posts\/179765\/revisions\/179768"}],"wp:featuredmedia":[{"embeddable":true,"href":"https:\/\/diarioregionaldigital.com.br\/index.php?rest_route=\/wp\/v2\/media\/179766"}],"wp:attachment":[{"href":"https:\/\/diarioregionaldigital.com.br\/index.php?rest_route=%2Fwp%2Fv2%2Fmedia&parent=179765"}],"wp:term":[{"taxonomy":"category","embeddable":true,"href":"https:\/\/diarioregionaldigital.com.br\/index.php?rest_route=%2Fwp%2Fv2%2Fcategories&post=179765"},{"taxonomy":"post_tag","embeddable":true,"href":"https:\/\/diarioregionaldigital.com.br\/index.php?rest_route=%2Fwp%2Fv2%2Ftags&post=179765"}],"curies":[{"name":"wp","href":"https:\/\/api.w.org\/{rel}","templated":true}]}}