{"id":179615,"date":"2021-03-22T22:46:21","date_gmt":"2021-03-23T01:46:21","guid":{"rendered":"https:\/\/diarioregionaldigital.com.br\/?p=179615"},"modified":"2021-03-22T22:46:21","modified_gmt":"2021-03-23T01:46:21","slug":"pcmg-apreende-mais-de-20-pes-de-maconha-e-prende-suspeito-em-juiz-de-fora","status":"publish","type":"post","link":"https:\/\/diarioregionaldigital.com.br\/?p=179615","title":{"rendered":"PCMG apreende mais de 20 p\u00e9s de maconha e prende suspeito em Juiz de Fora"},"content":{"rendered":"<p>Nesta segunda-feira (22\/3), a Pol\u00edcia Civil de Minas Gerais prendeu em flagrante um homem de 64 anos, suspeito de praticar o crime de tr\u00e1fico de drogas, no munic\u00edpio de Juiz de Fora. Na resid\u00eancia do investigado, localizada no bairro Jardim Gl\u00f3ria, Regi\u00e3o Central, foram apreendidos 21 p\u00e9s de maconha, plantas que estavam sendo cultivadas no local. Al\u00e9m disso, tamb\u00e9m foram localizados celulares e R$732.<\/p>\n<p>Conforme informa\u00e7\u00f5es do titular da Delegacia de Combate ao Narcotr\u00e1fico, delegado Rafael Gomes, a Pol\u00edcia Civil conseguiu efetuar a apreens\u00e3o, ap\u00f3s trabalhos investigativos que apuravam a venda de drogas na regi\u00e3o. \u201cAs apura\u00e7\u00f5es indicaram a resid\u00eancia desse suspeito, que \u00e9 advogado no Rio de Janeiro e ex-auditor fiscal da Receita Estadual \u2013 exonerado em 2004 por suspeita de fazer parte de esquema de propina\u201d, explicou.<\/p>\n<p>O suspeito foi encaminhado \u00e0 1\u00aa Delegacia Regional de Juiz de Fora, onde o flagrante foi validado. Logo em seguida, ele foi conduzido at\u00e9 o sistema prisional, permanecendo \u00e0 disposi\u00e7\u00e3o da Justi\u00e7a.<\/p>\n<p>Fonte: Assessoria<\/p>\n","protected":false},"excerpt":{"rendered":"<p>Nesta segunda-feira (22\/3), a Pol\u00edcia Civil de Minas Gerais prendeu em flagrante um homem de 64 anos, suspeito de praticar o crime de tr\u00e1fico de drogas, no munic\u00edpio de Juiz de Fora. Na resid\u00eancia do investigado, localizada no bairro Jardim Gl\u00f3ria, Regi\u00e3o Central, foram apreendidos 21 p\u00e9s de maconha, plantas que estavam sendo cultivadas no [&hellip;]<\/p>\n","protected":false},"author":246,"featured_media":179616,"comment_status":"closed","ping_status":"closed","sticky":false,"template":"","format":"standard","meta":{"footnotes":""},"categories":[301,262,1229,439],"tags":[],"class_list":["post-179615","post","type-post","status-publish","format-standard","has-post-thumbnail","hentry","category-artigos-policiais","category-noticias","category-policial","category-ultima-hora"],"_links":{"self":[{"href":"https:\/\/diarioregionaldigital.com.br\/index.php?rest_route=\/wp\/v2\/posts\/179615","targetHints":{"allow":["GET"]}}],"collection":[{"href":"https:\/\/diarioregionaldigital.com.br\/index.php?rest_route=\/wp\/v2\/posts"}],"about":[{"href":"https:\/\/diarioregionaldigital.com.br\/index.php?rest_route=\/wp\/v2\/types\/post"}],"author":[{"embeddable":true,"href":"https:\/\/diarioregionaldigital.com.br\/index.php?rest_route=\/wp\/v2\/users\/246"}],"replies":[{"embeddable":true,"href":"https:\/\/diarioregionaldigital.com.br\/index.php?rest_route=%2Fwp%2Fv2%2Fcomments&post=179615"}],"version-history":[{"count":1,"href":"https:\/\/diarioregionaldigital.com.br\/index.php?rest_route=\/wp\/v2\/posts\/179615\/revisions"}],"predecessor-version":[{"id":179617,"href":"https:\/\/diarioregionaldigital.com.br\/index.php?rest_route=\/wp\/v2\/posts\/179615\/revisions\/179617"}],"wp:featuredmedia":[{"embeddable":true,"href":"https:\/\/diarioregionaldigital.com.br\/index.php?rest_route=\/wp\/v2\/media\/179616"}],"wp:attachment":[{"href":"https:\/\/diarioregionaldigital.com.br\/index.php?rest_route=%2Fwp%2Fv2%2Fmedia&parent=179615"}],"wp:term":[{"taxonomy":"category","embeddable":true,"href":"https:\/\/diarioregionaldigital.com.br\/index.php?rest_route=%2Fwp%2Fv2%2Fcategories&post=179615"},{"taxonomy":"post_tag","embeddable":true,"href":"https:\/\/diarioregionaldigital.com.br\/index.php?rest_route=%2Fwp%2Fv2%2Ftags&post=179615"}],"curies":[{"name":"wp","href":"https:\/\/api.w.org\/{rel}","templated":true}]}}