{"id":179521,"date":"2021-03-16T00:06:01","date_gmt":"2021-03-16T03:06:01","guid":{"rendered":"https:\/\/diarioregionaldigital.com.br\/?p=179521"},"modified":"2021-03-16T00:06:01","modified_gmt":"2021-03-16T03:06:01","slug":"covid-19-municipio-registra-novo-recorde-de-hospitalizacoes-e-passa-de-900-mortes","status":"publish","type":"post","link":"https:\/\/diarioregionaldigital.com.br\/?p=179521","title":{"rendered":"Covid-19: Munic\u00edpio registra novo recorde de hospitaliza\u00e7\u00f5es e passa de 900 mortes"},"content":{"rendered":"<p>O novo boletim epidemiol\u00f3gico divulgado nesta segunda-feira (15) pela Secretaria de Sa\u00fade (SS) da Prefeitura de Juiz de Fora (PJF), aponta que o munic\u00edpio contabilizou mais 33 novos casos por Coronav\u00edrus, totalizando 21.847 pessoas infectadas. Segundo o levantamento, foram notificados mais 14 mortes, acumulando 901 vidas perdidas e 64.871 pacientes s\u00e3o suspeitos de terem a doen\u00e7a.<\/p>\n<p><b>Leitos\u00a0<\/b><\/p>\n<p>Segundo informa\u00e7\u00f5es da PJF, 488 pessoas est\u00e3o hospitalizadas por covid-19 no munic\u00edpio. Ao todo, 171\u00a0 pacientes ocupam leitos de UTI (p\u00fablico e privado) e 317 de enfermaria. A taxa de ocupa\u00e7\u00e3o dos leitos de UTI da rede p\u00fablica \u00e9 de 92,56%. J\u00e1 os leitos de Enfermaria do Sus, 92,04% est\u00e3o ocupados.<\/p>\n","protected":false},"excerpt":{"rendered":"<p>O novo boletim epidemiol\u00f3gico divulgado nesta segunda-feira (15) pela Secretaria de Sa\u00fade (SS) da Prefeitura de Juiz de Fora (PJF), aponta que o munic\u00edpio contabilizou mais 33 novos casos por Coronav\u00edrus, totalizando 21.847 pessoas infectadas. Segundo o levantamento, foram notificados mais 14 mortes, acumulando 901 vidas perdidas e 64.871 pacientes s\u00e3o suspeitos de terem a [&hellip;]<\/p>\n","protected":false},"author":246,"featured_media":179279,"comment_status":"closed","ping_status":"closed","sticky":false,"template":"","format":"standard","meta":{"footnotes":""},"categories":[253,440,439],"tags":[],"class_list":["post-179521","post","type-post","status-publish","format-standard","has-post-thumbnail","hentry","category-cidade","category-destaques-do-dia","category-ultima-hora"],"_links":{"self":[{"href":"https:\/\/diarioregionaldigital.com.br\/index.php?rest_route=\/wp\/v2\/posts\/179521","targetHints":{"allow":["GET"]}}],"collection":[{"href":"https:\/\/diarioregionaldigital.com.br\/index.php?rest_route=\/wp\/v2\/posts"}],"about":[{"href":"https:\/\/diarioregionaldigital.com.br\/index.php?rest_route=\/wp\/v2\/types\/post"}],"author":[{"embeddable":true,"href":"https:\/\/diarioregionaldigital.com.br\/index.php?rest_route=\/wp\/v2\/users\/246"}],"replies":[{"embeddable":true,"href":"https:\/\/diarioregionaldigital.com.br\/index.php?rest_route=%2Fwp%2Fv2%2Fcomments&post=179521"}],"version-history":[{"count":0,"href":"https:\/\/diarioregionaldigital.com.br\/index.php?rest_route=\/wp\/v2\/posts\/179521\/revisions"}],"wp:featuredmedia":[{"embeddable":true,"href":"https:\/\/diarioregionaldigital.com.br\/index.php?rest_route=\/wp\/v2\/media\/179279"}],"wp:attachment":[{"href":"https:\/\/diarioregionaldigital.com.br\/index.php?rest_route=%2Fwp%2Fv2%2Fmedia&parent=179521"}],"wp:term":[{"taxonomy":"category","embeddable":true,"href":"https:\/\/diarioregionaldigital.com.br\/index.php?rest_route=%2Fwp%2Fv2%2Fcategories&post=179521"},{"taxonomy":"post_tag","embeddable":true,"href":"https:\/\/diarioregionaldigital.com.br\/index.php?rest_route=%2Fwp%2Fv2%2Ftags&post=179521"}],"curies":[{"name":"wp","href":"https:\/\/api.w.org\/{rel}","templated":true}]}}