{"id":179518,"date":"2021-03-15T19:54:22","date_gmt":"2021-03-15T22:54:22","guid":{"rendered":"https:\/\/diarioregionaldigital.com.br\/?p=179518"},"modified":"2021-03-15T19:54:22","modified_gmt":"2021-03-15T22:54:22","slug":"policia-militar-prende-autor-de-homicidio-tentado-apos-discussao-por-motivos-futeis-no-bairro-manoel-honorio","status":"publish","type":"post","link":"https:\/\/diarioregionaldigital.com.br\/?p=179518","title":{"rendered":"Pol\u00edcia Militar prende autor de homic\u00eddio tentado ap\u00f3s discuss\u00e3o por motivos f\u00fateis no bairro Manoel Hon\u00f3rio"},"content":{"rendered":"<p>Na tarde de domingo, 14, por volta das 16h15min, a Pol\u00edcia Militar compareceu a Rua Maria Perp\u00e9tua, no bairro Manoel Hon\u00f3rio, Regi\u00e3o Leste, para atendimento de um homem de 32 anos que teria sido esfaqueado e estaria em via p\u00fablica.<\/p>\n<p>Segundo relatos da v\u00edtima, houve um desentendimento com um homem de 29 anos, morador de rua, que o acusou de ter furtado um isqueiro. Ap\u00f3s agress\u00f5es o autor desferiu em suas costas tr\u00eas golpes com uma faca de cozinha. O SAMU compareceu ao local e socorreu a v\u00edtima at\u00e9 ao HPS, permanecendo internado para cirurgia.<\/p>\n<p>Realizado intenso rastreamento, o autor foi localizado nas imedia\u00e7\u00f5es com a faca utilizada no crime. O mesmo foi preso em flagrante e conduzido \u00e0 Delegacia.<\/p>\n<p>Fonte: Assessoria PMMG<\/p>\n","protected":false},"excerpt":{"rendered":"<p>Na tarde de domingo, 14, por volta das 16h15min, a Pol\u00edcia Militar compareceu a Rua Maria Perp\u00e9tua, no bairro Manoel Hon\u00f3rio, Regi\u00e3o Leste, para atendimento de um homem de 32 anos que teria sido esfaqueado e estaria em via p\u00fablica. Segundo relatos da v\u00edtima, houve um desentendimento com um homem de 29 anos, morador de [&hellip;]<\/p>\n","protected":false},"author":246,"featured_media":179519,"comment_status":"closed","ping_status":"closed","sticky":false,"template":"","format":"standard","meta":{"footnotes":""},"categories":[301,262,1229,439],"tags":[],"class_list":["post-179518","post","type-post","status-publish","format-standard","has-post-thumbnail","hentry","category-artigos-policiais","category-noticias","category-policial","category-ultima-hora"],"_links":{"self":[{"href":"https:\/\/diarioregionaldigital.com.br\/index.php?rest_route=\/wp\/v2\/posts\/179518","targetHints":{"allow":["GET"]}}],"collection":[{"href":"https:\/\/diarioregionaldigital.com.br\/index.php?rest_route=\/wp\/v2\/posts"}],"about":[{"href":"https:\/\/diarioregionaldigital.com.br\/index.php?rest_route=\/wp\/v2\/types\/post"}],"author":[{"embeddable":true,"href":"https:\/\/diarioregionaldigital.com.br\/index.php?rest_route=\/wp\/v2\/users\/246"}],"replies":[{"embeddable":true,"href":"https:\/\/diarioregionaldigital.com.br\/index.php?rest_route=%2Fwp%2Fv2%2Fcomments&post=179518"}],"version-history":[{"count":0,"href":"https:\/\/diarioregionaldigital.com.br\/index.php?rest_route=\/wp\/v2\/posts\/179518\/revisions"}],"wp:featuredmedia":[{"embeddable":true,"href":"https:\/\/diarioregionaldigital.com.br\/index.php?rest_route=\/wp\/v2\/media\/179519"}],"wp:attachment":[{"href":"https:\/\/diarioregionaldigital.com.br\/index.php?rest_route=%2Fwp%2Fv2%2Fmedia&parent=179518"}],"wp:term":[{"taxonomy":"category","embeddable":true,"href":"https:\/\/diarioregionaldigital.com.br\/index.php?rest_route=%2Fwp%2Fv2%2Fcategories&post=179518"},{"taxonomy":"post_tag","embeddable":true,"href":"https:\/\/diarioregionaldigital.com.br\/index.php?rest_route=%2Fwp%2Fv2%2Ftags&post=179518"}],"curies":[{"name":"wp","href":"https:\/\/api.w.org\/{rel}","templated":true}]}}