{"id":179512,"date":"2021-03-15T19:44:04","date_gmt":"2021-03-15T22:44:04","guid":{"rendered":"https:\/\/diarioregionaldigital.com.br\/?p=179512"},"modified":"2021-03-15T19:44:04","modified_gmt":"2021-03-15T22:44:04","slug":"minas-gerais-ultrapassa-a-marca-de-970-mil-notificacoes-por-covid-19","status":"publish","type":"post","link":"https:\/\/diarioregionaldigital.com.br\/?p=179512","title":{"rendered":"Minas Gerais ultrapassa a marca de 970 mil notifica\u00e7\u00f5es por Covid-19"},"content":{"rendered":"<p>A Secretaria de Estado da Sa\u00fade de Minas Gerais (SES-MG), publicou nesta segunda-feira (15), o novo boletim referente ao Coronav\u00edrus. O levantamento aponta que o estado notificou mais 3.215 novos casos da doen\u00e7a, totalizando 974.594 pessoas infectadas. Os dados indicam que foram registradas mais 37 mortes, contabilizando 20.687 \u00f3bitos.<\/p>\n<p>&nbsp;<\/p>\n<p>Al\u00e9m disso, 882.947 pacientes est\u00e3o recuperados da doen\u00e7a, representando 90,9 % dos casos. Quanto aos dados de hospitaliza\u00e7\u00e3o, 79.764 estiveram internados e 894.830 j\u00e1 fizeram isolamento domiciliar. At\u00e9 o momento, 838.176 pessoas receberam a primeira dose da vacina e 376.215 a segunda.<\/p>\n","protected":false},"excerpt":{"rendered":"<p>A Secretaria de Estado da Sa\u00fade de Minas Gerais (SES-MG), publicou nesta segunda-feira (15), o novo boletim referente ao Coronav\u00edrus. O levantamento aponta que o estado notificou mais 3.215 novos casos da doen\u00e7a, totalizando 974.594 pessoas infectadas. Os dados indicam que foram registradas mais 37 mortes, contabilizando 20.687 \u00f3bitos. &nbsp; Al\u00e9m disso, 882.947 pacientes est\u00e3o [&hellip;]<\/p>\n","protected":false},"author":246,"featured_media":179513,"comment_status":"closed","ping_status":"closed","sticky":false,"template":"","format":"standard","meta":{"footnotes":""},"categories":[252],"tags":[],"class_list":["post-179512","post","type-post","status-publish","format-standard","has-post-thumbnail","hentry","category-regiao"],"_links":{"self":[{"href":"https:\/\/diarioregionaldigital.com.br\/index.php?rest_route=\/wp\/v2\/posts\/179512","targetHints":{"allow":["GET"]}}],"collection":[{"href":"https:\/\/diarioregionaldigital.com.br\/index.php?rest_route=\/wp\/v2\/posts"}],"about":[{"href":"https:\/\/diarioregionaldigital.com.br\/index.php?rest_route=\/wp\/v2\/types\/post"}],"author":[{"embeddable":true,"href":"https:\/\/diarioregionaldigital.com.br\/index.php?rest_route=\/wp\/v2\/users\/246"}],"replies":[{"embeddable":true,"href":"https:\/\/diarioregionaldigital.com.br\/index.php?rest_route=%2Fwp%2Fv2%2Fcomments&post=179512"}],"version-history":[{"count":0,"href":"https:\/\/diarioregionaldigital.com.br\/index.php?rest_route=\/wp\/v2\/posts\/179512\/revisions"}],"wp:featuredmedia":[{"embeddable":true,"href":"https:\/\/diarioregionaldigital.com.br\/index.php?rest_route=\/wp\/v2\/media\/179513"}],"wp:attachment":[{"href":"https:\/\/diarioregionaldigital.com.br\/index.php?rest_route=%2Fwp%2Fv2%2Fmedia&parent=179512"}],"wp:term":[{"taxonomy":"category","embeddable":true,"href":"https:\/\/diarioregionaldigital.com.br\/index.php?rest_route=%2Fwp%2Fv2%2Fcategories&post=179512"},{"taxonomy":"post_tag","embeddable":true,"href":"https:\/\/diarioregionaldigital.com.br\/index.php?rest_route=%2Fwp%2Fv2%2Ftags&post=179512"}],"curies":[{"name":"wp","href":"https:\/\/api.w.org\/{rel}","templated":true}]}}