{"id":179458,"date":"2021-03-14T09:37:11","date_gmt":"2021-03-14T12:37:11","guid":{"rendered":"https:\/\/diarioregionaldigital.com.br\/?p=179458"},"modified":"2021-03-14T09:37:11","modified_gmt":"2021-03-14T12:37:11","slug":"drive-in-na-passarela","status":"publish","type":"post","link":"https:\/\/diarioregionaldigital.com.br\/?p=179458","title":{"rendered":"DRIVE-IN NA PASSARELA"},"content":{"rendered":"<p>J\u00e1 mostrei em edi\u00e7\u00f5es anteriores os desfiles virtuais, apresenta\u00e7\u00f5es on-line, editoriais de moda feitos remotamente e como a moda precisou se reinventar na pandemia. Procurando proporcionar novas experi\u00eancias seguindo os protocolos de seguran\u00e7a, a Coperni, uma marca francesa, decidiu fazer um desfile drive-in, com os convidados dentro dos seus pr\u00f3prios ve\u00edculos. \u00a0Em um est\u00e1dio eles remanejaram os carros para que os far\u00f3is iluminassem a modelo na passarela ali criada. A proposta j\u00e1 usada no Brasil (em cinema, shows e at\u00e9 missas) de manter os espectadores em carros, n\u00e3o \u00e9 uma grande novidade, mas mostra como as marcas podem aproximar das pessoas de forma segura e lhes proporcionar emo\u00e7\u00f5es que s\u00f3 os eventos presenciais podem nos causar.<\/p>\n<p>&nbsp;<\/p>\n<p>&nbsp;<\/p>\n<p><a href=\"https:\/\/diarioregionaldigital.com.br\/wp-content\/uploads\/2021\/03\/diario-pagina-06-44.pdf\">CLIQUE AQUI PARA LER A COLUNA COMPLETA<\/a><\/p>\n","protected":false},"excerpt":{"rendered":"<p>J\u00e1 mostrei em edi\u00e7\u00f5es anteriores os desfiles virtuais, apresenta\u00e7\u00f5es on-line, editoriais de moda feitos remotamente e como a moda precisou se reinventar na pandemia. Procurando proporcionar novas experi\u00eancias seguindo os protocolos de seguran\u00e7a, a Coperni, uma marca francesa, decidiu fazer um desfile drive-in, com os convidados dentro dos seus pr\u00f3prios ve\u00edculos. \u00a0Em um est\u00e1dio eles [&hellip;]<\/p>\n","protected":false},"author":96,"featured_media":179459,"comment_status":"closed","ping_status":"closed","sticky":false,"template":"","format":"standard","meta":{"footnotes":""},"categories":[1230],"tags":[],"class_list":["post-179458","post","type-post","status-publish","format-standard","has-post-thumbnail","hentry","category-moda-maria-carolina"],"_links":{"self":[{"href":"https:\/\/diarioregionaldigital.com.br\/index.php?rest_route=\/wp\/v2\/posts\/179458","targetHints":{"allow":["GET"]}}],"collection":[{"href":"https:\/\/diarioregionaldigital.com.br\/index.php?rest_route=\/wp\/v2\/posts"}],"about":[{"href":"https:\/\/diarioregionaldigital.com.br\/index.php?rest_route=\/wp\/v2\/types\/post"}],"author":[{"embeddable":true,"href":"https:\/\/diarioregionaldigital.com.br\/index.php?rest_route=\/wp\/v2\/users\/96"}],"replies":[{"embeddable":true,"href":"https:\/\/diarioregionaldigital.com.br\/index.php?rest_route=%2Fwp%2Fv2%2Fcomments&post=179458"}],"version-history":[{"count":0,"href":"https:\/\/diarioregionaldigital.com.br\/index.php?rest_route=\/wp\/v2\/posts\/179458\/revisions"}],"wp:featuredmedia":[{"embeddable":true,"href":"https:\/\/diarioregionaldigital.com.br\/index.php?rest_route=\/wp\/v2\/media\/179459"}],"wp:attachment":[{"href":"https:\/\/diarioregionaldigital.com.br\/index.php?rest_route=%2Fwp%2Fv2%2Fmedia&parent=179458"}],"wp:term":[{"taxonomy":"category","embeddable":true,"href":"https:\/\/diarioregionaldigital.com.br\/index.php?rest_route=%2Fwp%2Fv2%2Fcategories&post=179458"},{"taxonomy":"post_tag","embeddable":true,"href":"https:\/\/diarioregionaldigital.com.br\/index.php?rest_route=%2Fwp%2Fv2%2Ftags&post=179458"}],"curies":[{"name":"wp","href":"https:\/\/api.w.org\/{rel}","templated":true}]}}