{"id":179441,"date":"2021-03-14T00:06:17","date_gmt":"2021-03-14T03:06:17","guid":{"rendered":"https:\/\/diarioregionaldigital.com.br\/?p=179441"},"modified":"2021-03-12T22:46:39","modified_gmt":"2021-03-13T01:46:39","slug":"juntos-por-juiz-de-fora","status":"publish","type":"post","link":"https:\/\/diarioregionaldigital.com.br\/?p=179441","title":{"rendered":"Juntos por Juiz de Fora"},"content":{"rendered":"<p style=\"text-align: center;\"><strong>Rubro Negro<\/strong><\/p>\n<p style=\"text-align: center;\">Os desafios para o time do Flamengo se manter no topo ser\u00e1 de muito trabalho e jogadores motivados. A diretoria v\u00ea como principal tarefa o que foi m\u00e9rito em 2020, segurar jogadores e bancar trabalho do t\u00e9cnico.<\/p>\n<p style=\"text-align: center;\"><strong>Realidade<\/strong><\/p>\n<p style=\"text-align: center;\">Com o aumento dos casos da Covid-19, pesquisadores dizem que desigualdade entre pa\u00edses se amplia com ritmo da vacina\u00e7\u00e3o. Para os que est\u00e3o atrasados, ser\u00e1 mais dif\u00edcil superar a crise. O Brasil est\u00e1 inclu\u00eddo na situa\u00e7\u00e3o.<\/p>\n<p style=\"text-align: center;\"><strong>Crime Financeiros<\/strong><\/p>\n<p style=\"text-align: center;\">O roubo de contas digitais representou mais da metade (54%) dos crimes financeiros na internet em todo o mundo em 2020, segundo relat\u00f3rio da empresa de ciberseguran\u00e7a Kaspersky. O resultado representa um aumento de 20 \u00b4pontos percentuais em rela\u00e7\u00e3o ao ano anterior. Segundo a empresa, esse aumento foi impulsionado pelo maior acesso da popula\u00e7\u00e3o ao mobile banking e o com\u00e9rcio eletr\u00f4nico.<\/p>\n<p style=\"text-align: center;\"><strong><span style=\"font-size: 14pt;\">Juntos por Juiz de Fora<\/span><\/strong><\/p>\n<p style=\"text-align: center;\">Um novo espa\u00e7o para servir com amor gratuitamente surgiu em Juiz de Fora, a resid\u00eancia \u201cJuntos por Juiz de Fora\u201d, localizada na rua: Am\u00e9rico Lobo, n\u00ba 1361, no bairro Bair\u00fa. Fundada pelo presidente do Sinteac, S\u00e9rgio Felix, o espa\u00e7o j\u00e1 esta equipado e em funcionamento, contando com atendimento jur\u00eddico nas \u00e1reas criminal, fam\u00edlia e previdenci\u00e1ria, atendimento de fisioterapia e, em breve atendimento psicol\u00f3gico.<\/p>\n<div id=\"attachment_179428\" style=\"width: 690px\" class=\"wp-caption aligncenter\"><img loading=\"lazy\" decoding=\"async\" aria-describedby=\"caption-attachment-179428\" class=\"wp-image-179428\" src=\"https:\/\/diarioregionaldigital.com.br\/wp-content\/uploads\/2021\/03\/fotoa-10-e1615599153481.jpg\" alt=\"\" width=\"680\" height=\"486\" srcset=\"https:\/\/diarioregionaldigital.com.br\/wp-content\/uploads\/2021\/03\/fotoa-10-e1615599153481.jpg 1417w, https:\/\/diarioregionaldigital.com.br\/wp-content\/uploads\/2021\/03\/fotoa-10-e1615599153481-300x214.jpg 300w, https:\/\/diarioregionaldigital.com.br\/wp-content\/uploads\/2021\/03\/fotoa-10-e1615599153481-1024x731.jpg 1024w, https:\/\/diarioregionaldigital.com.br\/wp-content\/uploads\/2021\/03\/fotoa-10-e1615599153481-768x548.jpg 768w, https:\/\/diarioregionaldigital.com.br\/wp-content\/uploads\/2021\/03\/fotoa-10-e1615599153481-360x257.jpg 360w, https:\/\/diarioregionaldigital.com.br\/wp-content\/uploads\/2021\/03\/fotoa-10-e1615599153481-100x70.jpg 100w\" sizes=\"auto, (max-width: 680px) 100vw, 680px\" \/><p id=\"caption-attachment-179428\" class=\"wp-caption-text\">O conceituado presidente do Sinteac, S\u00e9rgio Felix<\/p><\/div>\n<div id=\"attachment_179429\" style=\"width: 690px\" class=\"wp-caption aligncenter\"><img loading=\"lazy\" decoding=\"async\" aria-describedby=\"caption-attachment-179429\" class=\"wp-image-179429\" src=\"https:\/\/diarioregionaldigital.com.br\/wp-content\/uploads\/2021\/03\/fotoaa-4-e1615599281400.jpeg\" alt=\"\" width=\"680\" height=\"517\" srcset=\"https:\/\/diarioregionaldigital.com.br\/wp-content\/uploads\/2021\/03\/fotoaa-4-e1615599281400.jpeg 857w, https:\/\/diarioregionaldigital.com.br\/wp-content\/uploads\/2021\/03\/fotoaa-4-e1615599281400-300x228.jpeg 300w, https:\/\/diarioregionaldigital.com.br\/wp-content\/uploads\/2021\/03\/fotoaa-4-e1615599281400-768x583.jpeg 768w, https:\/\/diarioregionaldigital.com.br\/wp-content\/uploads\/2021\/03\/fotoaa-4-e1615599281400-360x273.jpeg 360w\" sizes=\"auto, (max-width: 680px) 100vw, 680px\" \/><p id=\"caption-attachment-179429\" class=\"wp-caption-text\">A bel\u00edssima Ana Halfeld festeja anivers\u00e1rio no domingo (14), no auge de seus 30 anos<\/p><\/div>\n<div id=\"attachment_179432\" style=\"width: 690px\" class=\"wp-caption aligncenter\"><img loading=\"lazy\" decoding=\"async\" aria-describedby=\"caption-attachment-179432\" class=\"wp-image-179432\" src=\"https:\/\/diarioregionaldigital.com.br\/wp-content\/uploads\/2021\/03\/fotoc-7-e1615599429742.jpg\" alt=\"\" width=\"680\" height=\"499\" srcset=\"https:\/\/diarioregionaldigital.com.br\/wp-content\/uploads\/2021\/03\/fotoc-7-e1615599429742.jpg 811w, https:\/\/diarioregionaldigital.com.br\/wp-content\/uploads\/2021\/03\/fotoc-7-e1615599429742-300x220.jpg 300w, https:\/\/diarioregionaldigital.com.br\/wp-content\/uploads\/2021\/03\/fotoc-7-e1615599429742-768x563.jpg 768w, https:\/\/diarioregionaldigital.com.br\/wp-content\/uploads\/2021\/03\/fotoc-7-e1615599429742-360x264.jpg 360w\" sizes=\"auto, (max-width: 680px) 100vw, 680px\" \/><p id=\"caption-attachment-179432\" class=\"wp-caption-text\">Arrasando hoje nesta coluna social o cabelereiro e Mr. Juiz de Fora 2021, Igor Juliani<\/p><\/div>\n<div id=\"attachment_179430\" style=\"width: 690px\" class=\"wp-caption aligncenter\"><img loading=\"lazy\" decoding=\"async\" aria-describedby=\"caption-attachment-179430\" class=\"wp-image-179430\" src=\"https:\/\/diarioregionaldigital.com.br\/wp-content\/uploads\/2021\/03\/fotob-5-e1615599359228.jpg\" alt=\"\" width=\"680\" height=\"484\" srcset=\"https:\/\/diarioregionaldigital.com.br\/wp-content\/uploads\/2021\/03\/fotob-5-e1615599359228.jpg 1076w, https:\/\/diarioregionaldigital.com.br\/wp-content\/uploads\/2021\/03\/fotob-5-e1615599359228-300x214.jpg 300w, https:\/\/diarioregionaldigital.com.br\/wp-content\/uploads\/2021\/03\/fotob-5-e1615599359228-1024x729.jpg 1024w, https:\/\/diarioregionaldigital.com.br\/wp-content\/uploads\/2021\/03\/fotob-5-e1615599359228-768x547.jpg 768w, https:\/\/diarioregionaldigital.com.br\/wp-content\/uploads\/2021\/03\/fotob-5-e1615599359228-360x256.jpg 360w, https:\/\/diarioregionaldigital.com.br\/wp-content\/uploads\/2021\/03\/fotob-5-e1615599359228-100x70.jpg 100w\" sizes=\"auto, (max-width: 680px) 100vw, 680px\" \/><p id=\"caption-attachment-179430\" class=\"wp-caption-text\">Um foco de luz na Bel\u00edssima artes\u00e3 do macram\u00ea, Laurien Fonseca<\/p><\/div>\n<div id=\"attachment_179436\" style=\"width: 690px\" class=\"wp-caption aligncenter\"><img loading=\"lazy\" decoding=\"async\" aria-describedby=\"caption-attachment-179436\" class=\"wp-image-179436\" src=\"https:\/\/diarioregionaldigital.com.br\/wp-content\/uploads\/2021\/03\/fotof-1-e1615599587432.jpeg\" alt=\"\" width=\"680\" height=\"484\" srcset=\"https:\/\/diarioregionaldigital.com.br\/wp-content\/uploads\/2021\/03\/fotof-1-e1615599587432.jpeg 768w, https:\/\/diarioregionaldigital.com.br\/wp-content\/uploads\/2021\/03\/fotof-1-e1615599587432-300x214.jpeg 300w, https:\/\/diarioregionaldigital.com.br\/wp-content\/uploads\/2021\/03\/fotof-1-e1615599587432-360x256.jpeg 360w, https:\/\/diarioregionaldigital.com.br\/wp-content\/uploads\/2021\/03\/fotof-1-e1615599587432-100x70.jpeg 100w\" sizes=\"auto, (max-width: 680px) 100vw, 680px\" \/><p id=\"caption-attachment-179436\" class=\"wp-caption-text\">O charme nacional do ator juiz-forano Lucas Malvacini<\/p><\/div>\n<div id=\"attachment_179433\" style=\"width: 690px\" class=\"wp-caption aligncenter\"><img loading=\"lazy\" decoding=\"async\" aria-describedby=\"caption-attachment-179433\" class=\"wp-image-179433\" src=\"https:\/\/diarioregionaldigital.com.br\/wp-content\/uploads\/2021\/03\/fotocc-e1615599461621.jpg\" alt=\"\" width=\"680\" height=\"467\" srcset=\"https:\/\/diarioregionaldigital.com.br\/wp-content\/uploads\/2021\/03\/fotocc-e1615599461621.jpg 1080w, https:\/\/diarioregionaldigital.com.br\/wp-content\/uploads\/2021\/03\/fotocc-e1615599461621-300x206.jpg 300w, https:\/\/diarioregionaldigital.com.br\/wp-content\/uploads\/2021\/03\/fotocc-e1615599461621-1024x704.jpg 1024w, https:\/\/diarioregionaldigital.com.br\/wp-content\/uploads\/2021\/03\/fotocc-e1615599461621-768x528.jpg 768w, https:\/\/diarioregionaldigital.com.br\/wp-content\/uploads\/2021\/03\/fotocc-e1615599461621-360x247.jpg 360w, https:\/\/diarioregionaldigital.com.br\/wp-content\/uploads\/2021\/03\/fotocc-e1615599461621-100x70.jpg 100w\" sizes=\"auto, (max-width: 680px) 100vw, 680px\" \/><p id=\"caption-attachment-179433\" class=\"wp-caption-text\">A linda Lara recebeu o carinho da m\u00e3e Gabriela e da av\u00f3 Cristina Macedo<\/p><\/div>\n<div id=\"attachment_179434\" style=\"width: 690px\" class=\"wp-caption aligncenter\"><img loading=\"lazy\" decoding=\"async\" aria-describedby=\"caption-attachment-179434\" class=\"wp-image-179434\" src=\"https:\/\/diarioregionaldigital.com.br\/wp-content\/uploads\/2021\/03\/fotod-9-e1615599505448.jpg\" alt=\"\" width=\"680\" height=\"477\" srcset=\"https:\/\/diarioregionaldigital.com.br\/wp-content\/uploads\/2021\/03\/fotod-9-e1615599505448.jpg 916w, https:\/\/diarioregionaldigital.com.br\/wp-content\/uploads\/2021\/03\/fotod-9-e1615599505448-300x210.jpg 300w, https:\/\/diarioregionaldigital.com.br\/wp-content\/uploads\/2021\/03\/fotod-9-e1615599505448-768x539.jpg 768w, https:\/\/diarioregionaldigital.com.br\/wp-content\/uploads\/2021\/03\/fotod-9-e1615599505448-360x253.jpg 360w, https:\/\/diarioregionaldigital.com.br\/wp-content\/uploads\/2021\/03\/fotod-9-e1615599505448-100x70.jpg 100w\" sizes=\"auto, (max-width: 680px) 100vw, 680px\" \/><p id=\"caption-attachment-179434\" class=\"wp-caption-text\">A elegante Val\u00e9ria Ara\u00fajo sendo homenageada pelo filho m\u00e9dico, psiquiatra Helio F\u00e1del pelo M\u00eas Internacional da Mulher<\/p><\/div>\n<div id=\"attachment_179431\" style=\"width: 690px\" class=\"wp-caption aligncenter\"><img loading=\"lazy\" decoding=\"async\" aria-describedby=\"caption-attachment-179431\" class=\"wp-image-179431\" src=\"https:\/\/diarioregionaldigital.com.br\/wp-content\/uploads\/2021\/03\/fotobb-4-e1615599394782.jpeg\" alt=\"\" width=\"680\" height=\"465\" srcset=\"https:\/\/diarioregionaldigital.com.br\/wp-content\/uploads\/2021\/03\/fotobb-4-e1615599394782.jpeg 960w, https:\/\/diarioregionaldigital.com.br\/wp-content\/uploads\/2021\/03\/fotobb-4-e1615599394782-300x205.jpeg 300w, https:\/\/diarioregionaldigital.com.br\/wp-content\/uploads\/2021\/03\/fotobb-4-e1615599394782-768x525.jpeg 768w, https:\/\/diarioregionaldigital.com.br\/wp-content\/uploads\/2021\/03\/fotobb-4-e1615599394782-360x246.jpeg 360w\" sizes=\"auto, (max-width: 680px) 100vw, 680px\" \/><p id=\"caption-attachment-179431\" class=\"wp-caption-text\">As lindas Chiquititas visitando esta coluna social, Fabiana, Christina e Fernanda Baldioti<\/p><\/div>\n<div id=\"attachment_179435\" style=\"width: 690px\" class=\"wp-caption aligncenter\"><img loading=\"lazy\" decoding=\"async\" aria-describedby=\"caption-attachment-179435\" class=\"wp-image-179435\" src=\"https:\/\/diarioregionaldigital.com.br\/wp-content\/uploads\/2021\/03\/fotoe-7-e1615599540833.jpg\" alt=\"\" width=\"680\" height=\"485\" srcset=\"https:\/\/diarioregionaldigital.com.br\/wp-content\/uploads\/2021\/03\/fotoe-7-e1615599540833.jpg 712w, https:\/\/diarioregionaldigital.com.br\/wp-content\/uploads\/2021\/03\/fotoe-7-e1615599540833-300x214.jpg 300w, https:\/\/diarioregionaldigital.com.br\/wp-content\/uploads\/2021\/03\/fotoe-7-e1615599540833-360x257.jpg 360w, https:\/\/diarioregionaldigital.com.br\/wp-content\/uploads\/2021\/03\/fotoe-7-e1615599540833-100x70.jpg 100w\" sizes=\"auto, (max-width: 680px) 100vw, 680px\" \/><p id=\"caption-attachment-179435\" class=\"wp-caption-text\">Theo Henrique Stambassi Lobo aniversariou e ganhou festa da m\u00e3e L\u00edvia Mageste Stambassi Lobo<\/p><\/div>\n<p style=\"text-align: center;\"><strong>FOTOSS\u00cdNTESE<\/strong><\/p>\n<p>Aniversariante de destaque de fevereiro, o bondoso padre Pierre Alcantarino, encerrou com sucesso total o Cerco de Jeric\u00f3. Tambem em ritmo de Parab\u00e9ns pra Voc\u00ea, o rep\u00f3rter feliz Fernando Luis Baldioti (Baleia).<\/p>\n<p>Os empres\u00e1rios An\u00edsio Jos\u00e9 Ribas e os filhos Ramon e Renato Audebert Delage Ribas ir\u00e3o pilotar a franquia da requintada loja Anjos Colch\u00f5es e sof\u00e1s do Paran\u00e1.<\/p>\n<p>Passando temporada na cidade, o modelo e ator bonit\u00e3o Lucas Malvacini. Ele comemora 10 anos do t\u00edtulo de Mister Brasil.<\/p>\n<p>Sempre antenada, a nutr\u00f3loga Alice Amaral destacou para este colunista o uso do pr\u00f3polis que pode auxiliar no tratamento da Covid-19 e outras doen\u00e7as.<\/p>\n<p>Redesenhar os grupos priorit\u00e1rios da vacina contra o Coronavirus em Juiz de Fora, t\u00e1 certo Arnaldo?<\/p>\n<p>O Corpo de Bombeiros de Juiz de Fora j\u00e1 iniciaram a Opera\u00e7\u00e3o Alerta Verde. A baixa umidade do ar e a falta de chuvas elevam a propaga\u00e7\u00e3o de inc\u00eandios.<\/p>\n<p>Juiz de Fora integra o cons\u00f3rcio de munic\u00edpios que estuda a compra de vacinas. Mas a aquisi\u00e7\u00e3o n\u00e3o ser\u00e1 feita de imediato.<\/p>\n<p>Competente e elegante, a professora da Faculdade de Medicina, Danielle Teles da Cruz foi nomeada ouvidora especializada em a\u00e7\u00f5es afirmativas da UFJF.<\/p>\n<p>Dica: O livro \u201cO Gato Preto e Outros Contos\u201d, da escritora Maria Aparecida R.Lacerda. Nos textos, emo\u00e7\u00f5es, surpresa e encantamento.<\/p>\n<p>Bem \u00e0 prop\u00f3sito: \u201cO problema n\u00e3o s\u00e3o as armas. S\u00e3o as m\u00e3os. Nas m\u00e3os erradas a caneta mata mais que o rev\u00f3lver\u201d. Bom dia.<\/p>\n<p><img loading=\"lazy\" decoding=\"async\" class=\"aligncenter size-full wp-image-179437\" src=\"https:\/\/diarioregionaldigital.com.br\/wp-content\/uploads\/2021\/03\/anuncio44-scaled.jpg\" alt=\"\" width=\"2560\" height=\"960\" srcset=\"https:\/\/diarioregionaldigital.com.br\/wp-content\/uploads\/2021\/03\/anuncio44-scaled.jpg 2560w, https:\/\/diarioregionaldigital.com.br\/wp-content\/uploads\/2021\/03\/anuncio44-300x113.jpg 300w, https:\/\/diarioregionaldigital.com.br\/wp-content\/uploads\/2021\/03\/anuncio44-1024x384.jpg 1024w, https:\/\/diarioregionaldigital.com.br\/wp-content\/uploads\/2021\/03\/anuncio44-768x288.jpg 768w, https:\/\/diarioregionaldigital.com.br\/wp-content\/uploads\/2021\/03\/anuncio44-1536x576.jpg 1536w, https:\/\/diarioregionaldigital.com.br\/wp-content\/uploads\/2021\/03\/anuncio44-2048x768.jpg 2048w, https:\/\/diarioregionaldigital.com.br\/wp-content\/uploads\/2021\/03\/anuncio44-360x135.jpg 360w\" sizes=\"auto, (max-width: 2560px) 100vw, 2560px\" \/><\/p>\n","protected":false},"excerpt":{"rendered":"<p>Rubro Negro Os desafios para o time do Flamengo se manter no topo ser\u00e1 de muito trabalho e jogadores motivados. A diretoria v\u00ea como principal tarefa o que foi m\u00e9rito em 2020, segurar jogadores e bancar trabalho do t\u00e9cnico. Realidade Com o aumento dos casos da Covid-19, pesquisadores dizem que desigualdade entre pa\u00edses se amplia [&hellip;]<\/p>\n","protected":false},"author":96,"featured_media":179428,"comment_status":"closed","ping_status":"closed","sticky":false,"template":"","format":"standard","meta":{"footnotes":""},"categories":[264],"tags":[],"class_list":["post-179441","post","type-post","status-publish","format-standard","has-post-thumbnail","hentry","category-eduardo-gomes"],"_links":{"self":[{"href":"https:\/\/diarioregionaldigital.com.br\/index.php?rest_route=\/wp\/v2\/posts\/179441","targetHints":{"allow":["GET"]}}],"collection":[{"href":"https:\/\/diarioregionaldigital.com.br\/index.php?rest_route=\/wp\/v2\/posts"}],"about":[{"href":"https:\/\/diarioregionaldigital.com.br\/index.php?rest_route=\/wp\/v2\/types\/post"}],"author":[{"embeddable":true,"href":"https:\/\/diarioregionaldigital.com.br\/index.php?rest_route=\/wp\/v2\/users\/96"}],"replies":[{"embeddable":true,"href":"https:\/\/diarioregionaldigital.com.br\/index.php?rest_route=%2Fwp%2Fv2%2Fcomments&post=179441"}],"version-history":[{"count":0,"href":"https:\/\/diarioregionaldigital.com.br\/index.php?rest_route=\/wp\/v2\/posts\/179441\/revisions"}],"wp:featuredmedia":[{"embeddable":true,"href":"https:\/\/diarioregionaldigital.com.br\/index.php?rest_route=\/wp\/v2\/media\/179428"}],"wp:attachment":[{"href":"https:\/\/diarioregionaldigital.com.br\/index.php?rest_route=%2Fwp%2Fv2%2Fmedia&parent=179441"}],"wp:term":[{"taxonomy":"category","embeddable":true,"href":"https:\/\/diarioregionaldigital.com.br\/index.php?rest_route=%2Fwp%2Fv2%2Fcategories&post=179441"},{"taxonomy":"post_tag","embeddable":true,"href":"https:\/\/diarioregionaldigital.com.br\/index.php?rest_route=%2Fwp%2Fv2%2Ftags&post=179441"}],"curies":[{"name":"wp","href":"https:\/\/api.w.org\/{rel}","templated":true}]}}