{"id":179422,"date":"2021-03-12T19:49:17","date_gmt":"2021-03-12T22:49:17","guid":{"rendered":"https:\/\/diarioregionaldigital.com.br\/?p=179422"},"modified":"2021-03-12T19:49:17","modified_gmt":"2021-03-12T22:49:17","slug":"cumprindo-mandado-de-busca-e-apreensao-policia-militar-prende-autor-e-apreende-materiais-relacionados-ao-trafico-no-bairro-nossa-senhora-aparecida","status":"publish","type":"post","link":"https:\/\/diarioregionaldigital.com.br\/?p=179422","title":{"rendered":"Cumprindo mandado de busca e apreens\u00e3o, Pol\u00edcia Militar prende autor e apreende materiais relacionados ao tr\u00e1fico no bairro Nossa Senhora Aparecida"},"content":{"rendered":"<p>No final da tarde de quinta-feira, 11, por volta das 17h44min, a Pol\u00edcia Militar desencadeou uma opera\u00e7\u00e3o para cumprimento de Mandado de Busca e Apreens\u00e3o numa resid\u00eancia na Travessa Gr\u00e3o Mogol no bairro Nossa Senhora das Gra\u00e7as, Regi\u00e3o Leste.<\/p>\n<p>Durante a a\u00e7\u00e3o foram apreendidos: 31 buchas de maconha, R$239,00 em moeda corrente e 11 pinos de coca\u00edna.<br \/>\nUm homem de 18 anos foi preso.<\/p>\n<p>Fonte: Divulga\u00e7\u00e3o\/PMMG<\/p>\n","protected":false},"excerpt":{"rendered":"<p>No final da tarde de quinta-feira, 11, por volta das 17h44min, a Pol\u00edcia Militar desencadeou uma opera\u00e7\u00e3o para cumprimento de Mandado de Busca e Apreens\u00e3o numa resid\u00eancia na Travessa Gr\u00e3o Mogol no bairro Nossa Senhora das Gra\u00e7as, Regi\u00e3o Leste. Durante a a\u00e7\u00e3o foram apreendidos: 31 buchas de maconha, R$239,00 em moeda corrente e 11 pinos [&hellip;]<\/p>\n","protected":false},"author":246,"featured_media":179423,"comment_status":"closed","ping_status":"closed","sticky":false,"template":"","format":"standard","meta":{"footnotes":""},"categories":[301,1229,439],"tags":[],"class_list":["post-179422","post","type-post","status-publish","format-standard","has-post-thumbnail","hentry","category-artigos-policiais","category-policial","category-ultima-hora"],"_links":{"self":[{"href":"https:\/\/diarioregionaldigital.com.br\/index.php?rest_route=\/wp\/v2\/posts\/179422","targetHints":{"allow":["GET"]}}],"collection":[{"href":"https:\/\/diarioregionaldigital.com.br\/index.php?rest_route=\/wp\/v2\/posts"}],"about":[{"href":"https:\/\/diarioregionaldigital.com.br\/index.php?rest_route=\/wp\/v2\/types\/post"}],"author":[{"embeddable":true,"href":"https:\/\/diarioregionaldigital.com.br\/index.php?rest_route=\/wp\/v2\/users\/246"}],"replies":[{"embeddable":true,"href":"https:\/\/diarioregionaldigital.com.br\/index.php?rest_route=%2Fwp%2Fv2%2Fcomments&post=179422"}],"version-history":[{"count":0,"href":"https:\/\/diarioregionaldigital.com.br\/index.php?rest_route=\/wp\/v2\/posts\/179422\/revisions"}],"wp:featuredmedia":[{"embeddable":true,"href":"https:\/\/diarioregionaldigital.com.br\/index.php?rest_route=\/wp\/v2\/media\/179423"}],"wp:attachment":[{"href":"https:\/\/diarioregionaldigital.com.br\/index.php?rest_route=%2Fwp%2Fv2%2Fmedia&parent=179422"}],"wp:term":[{"taxonomy":"category","embeddable":true,"href":"https:\/\/diarioregionaldigital.com.br\/index.php?rest_route=%2Fwp%2Fv2%2Fcategories&post=179422"},{"taxonomy":"post_tag","embeddable":true,"href":"https:\/\/diarioregionaldigital.com.br\/index.php?rest_route=%2Fwp%2Fv2%2Ftags&post=179422"}],"curies":[{"name":"wp","href":"https:\/\/api.w.org\/{rel}","templated":true}]}}