{"id":179419,"date":"2021-03-12T19:44:35","date_gmt":"2021-03-12T22:44:35","guid":{"rendered":"https:\/\/diarioregionaldigital.com.br\/?p=179419"},"modified":"2021-03-12T19:49:52","modified_gmt":"2021-03-12T22:49:52","slug":"estabelecimento-comercial-com-produtos-vencidos-e-interditado-no-manoel-honorio","status":"publish","type":"post","link":"https:\/\/diarioregionaldigital.com.br\/?p=179419","title":{"rendered":"Estabelecimento comercial com produtos vencidos \u00e9 interditado no Manoel Hon\u00f3rio"},"content":{"rendered":"<p>No final da tarde de quinta-feira,11, por volta das 16h01min, a Pol\u00edcia Militar realizou uma opera\u00e7\u00e3o policial num estabelecimento comercial situado na Rua Afonso Pena, no bairro Manoel Hon\u00f3rio, Regi\u00e3o Leste, em cobertura e acompanhamento solicitado pelos membros do PROCON para uma fiscaliza\u00e7\u00e3o.<\/p>\n<p>No local foram encontrados produtos adulterados e com validade vencida, o que configura crime contra o consumidor. O estabelecimento foi interditado e a per\u00edcia ficou de comparecer posteriormente para realiza\u00e7\u00e3o dos trabalhos de praxe.<\/p>\n<p>Fonte: Divulga\u00e7\u00e3o\/PMMG<\/p>\n","protected":false},"excerpt":{"rendered":"<p>No final da tarde de quinta-feira,11, por volta das 16h01min, a Pol\u00edcia Militar realizou uma opera\u00e7\u00e3o policial num estabelecimento comercial situado na Rua Afonso Pena, no bairro Manoel Hon\u00f3rio, Regi\u00e3o Leste, em cobertura e acompanhamento solicitado pelos membros do PROCON para uma fiscaliza\u00e7\u00e3o. No local foram encontrados produtos adulterados e com validade vencida, o que [&hellip;]<\/p>\n","protected":false},"author":246,"featured_media":179420,"comment_status":"closed","ping_status":"closed","sticky":false,"template":"","format":"standard","meta":{"footnotes":""},"categories":[301,1229,439],"tags":[],"class_list":["post-179419","post","type-post","status-publish","format-standard","has-post-thumbnail","hentry","category-artigos-policiais","category-policial","category-ultima-hora"],"_links":{"self":[{"href":"https:\/\/diarioregionaldigital.com.br\/index.php?rest_route=\/wp\/v2\/posts\/179419","targetHints":{"allow":["GET"]}}],"collection":[{"href":"https:\/\/diarioregionaldigital.com.br\/index.php?rest_route=\/wp\/v2\/posts"}],"about":[{"href":"https:\/\/diarioregionaldigital.com.br\/index.php?rest_route=\/wp\/v2\/types\/post"}],"author":[{"embeddable":true,"href":"https:\/\/diarioregionaldigital.com.br\/index.php?rest_route=\/wp\/v2\/users\/246"}],"replies":[{"embeddable":true,"href":"https:\/\/diarioregionaldigital.com.br\/index.php?rest_route=%2Fwp%2Fv2%2Fcomments&post=179419"}],"version-history":[{"count":0,"href":"https:\/\/diarioregionaldigital.com.br\/index.php?rest_route=\/wp\/v2\/posts\/179419\/revisions"}],"wp:featuredmedia":[{"embeddable":true,"href":"https:\/\/diarioregionaldigital.com.br\/index.php?rest_route=\/wp\/v2\/media\/179420"}],"wp:attachment":[{"href":"https:\/\/diarioregionaldigital.com.br\/index.php?rest_route=%2Fwp%2Fv2%2Fmedia&parent=179419"}],"wp:term":[{"taxonomy":"category","embeddable":true,"href":"https:\/\/diarioregionaldigital.com.br\/index.php?rest_route=%2Fwp%2Fv2%2Fcategories&post=179419"},{"taxonomy":"post_tag","embeddable":true,"href":"https:\/\/diarioregionaldigital.com.br\/index.php?rest_route=%2Fwp%2Fv2%2Ftags&post=179419"}],"curies":[{"name":"wp","href":"https:\/\/api.w.org\/{rel}","templated":true}]}}