{"id":179416,"date":"2021-03-12T19:34:48","date_gmt":"2021-03-12T22:34:48","guid":{"rendered":"https:\/\/diarioregionaldigital.com.br\/?p=179416"},"modified":"2021-03-12T19:34:48","modified_gmt":"2021-03-12T22:34:48","slug":"estado-registra-213-novos-obitos-por-covid-19-nas-ultimas-24-horas","status":"publish","type":"post","link":"https:\/\/diarioregionaldigital.com.br\/?p=179416","title":{"rendered":"Estado registra 213 novos \u00f3bitos por Covid-19 nas \u00faltimas 24 horas"},"content":{"rendered":"<p>A Secretaria de Estado da Sa\u00fade de Minas Gerais (SES-MG), publicou nesta sexta-feira (12), <a href=\"https:\/\/coronavirus.saude.mg.gov.br\/images\/1_2021\/01-boletim\/12-03-COVID-19-BOLETIM20210312.pdf\">o novo boletim<\/a> referente ao Coronav\u00edrus. O levantamento aponta que o estado notificou mais 9.912 novos casos da doen\u00e7a, totalizando 956.468 pessoas infectadas. Os dados indicam que foram registradas mais 213 mortes, contabilizando 20.300 \u00f3bitos.<\/p>\n<p>Al\u00e9m disso, 869.697 pacientes est\u00e3o recuperados da doen\u00e7a, representando 90,9 % dos casos. Quanto aos dados de hospitaliza\u00e7\u00e3o, 78.006 est\u00e3o internados e 878.462 fazem isolamento domiciliar. At\u00e9 o momento, 794.941 pessoas receberam a primeira dose da vacina e 367.143 a segunda.<\/p>\n","protected":false},"excerpt":{"rendered":"<p>A Secretaria de Estado da Sa\u00fade de Minas Gerais (SES-MG), publicou nesta sexta-feira (12), o novo boletim referente ao Coronav\u00edrus. O levantamento aponta que o estado notificou mais 9.912 novos casos da doen\u00e7a, totalizando 956.468 pessoas infectadas. Os dados indicam que foram registradas mais 213 mortes, contabilizando 20.300 \u00f3bitos. Al\u00e9m disso, 869.697 pacientes est\u00e3o recuperados [&hellip;]<\/p>\n","protected":false},"author":246,"featured_media":179417,"comment_status":"closed","ping_status":"closed","sticky":false,"template":"","format":"standard","meta":{"footnotes":""},"categories":[252,439],"tags":[],"class_list":["post-179416","post","type-post","status-publish","format-standard","has-post-thumbnail","hentry","category-regiao","category-ultima-hora"],"_links":{"self":[{"href":"https:\/\/diarioregionaldigital.com.br\/index.php?rest_route=\/wp\/v2\/posts\/179416","targetHints":{"allow":["GET"]}}],"collection":[{"href":"https:\/\/diarioregionaldigital.com.br\/index.php?rest_route=\/wp\/v2\/posts"}],"about":[{"href":"https:\/\/diarioregionaldigital.com.br\/index.php?rest_route=\/wp\/v2\/types\/post"}],"author":[{"embeddable":true,"href":"https:\/\/diarioregionaldigital.com.br\/index.php?rest_route=\/wp\/v2\/users\/246"}],"replies":[{"embeddable":true,"href":"https:\/\/diarioregionaldigital.com.br\/index.php?rest_route=%2Fwp%2Fv2%2Fcomments&post=179416"}],"version-history":[{"count":0,"href":"https:\/\/diarioregionaldigital.com.br\/index.php?rest_route=\/wp\/v2\/posts\/179416\/revisions"}],"wp:featuredmedia":[{"embeddable":true,"href":"https:\/\/diarioregionaldigital.com.br\/index.php?rest_route=\/wp\/v2\/media\/179417"}],"wp:attachment":[{"href":"https:\/\/diarioregionaldigital.com.br\/index.php?rest_route=%2Fwp%2Fv2%2Fmedia&parent=179416"}],"wp:term":[{"taxonomy":"category","embeddable":true,"href":"https:\/\/diarioregionaldigital.com.br\/index.php?rest_route=%2Fwp%2Fv2%2Fcategories&post=179416"},{"taxonomy":"post_tag","embeddable":true,"href":"https:\/\/diarioregionaldigital.com.br\/index.php?rest_route=%2Fwp%2Fv2%2Ftags&post=179416"}],"curies":[{"name":"wp","href":"https:\/\/api.w.org\/{rel}","templated":true}]}}