{"id":179402,"date":"2021-03-12T19:09:37","date_gmt":"2021-03-12T22:09:37","guid":{"rendered":"https:\/\/diarioregionaldigital.com.br\/?p=179402"},"modified":"2021-03-12T19:13:22","modified_gmt":"2021-03-12T22:13:22","slug":"jf-volei-vai-a-niteroi-encarar-o-niteroi-volei-clube","status":"publish","type":"post","link":"https:\/\/diarioregionaldigital.com.br\/?p=179402","title":{"rendered":"JF V\u00f4lei vai \u00e0 Niter\u00f3i encarar o Niter\u00f3i V\u00f4lei Clube"},"content":{"rendered":"<p>Saiu a tabela das quartas de final da Superliga B! e tem jogo j\u00e1 na pr\u00f3xima quarta-feira, dia 17. O JF V\u00f4lei vai a Niter\u00f3i encarar o Niter\u00f3i V\u00f4lei Clube, \u00e0s 18h, no Col\u00e9gio Plinio Leite. A segunda partida da melhor de tr\u00eas acontecer\u00e1 no s\u00e1bado, 20, em Contagem, \u00e0s 14h30, no gin\u00e1sio do Riacho.<\/p>\n<p>Caso seja necess\u00e1rio um terceiro jogo, ele est\u00e1 marcado para o domingo (21), \u00e0s 14h, tamb\u00e9m em Contagem. Primeiro colocado da fase de classifica\u00e7\u00e3o, o JF V\u00f4lei ter\u00e1 sempre a vantagem de jogar as duas partidas decisivas das quartas e, caso avance, das semifinais em seus dom\u00ednios.<\/p>\n<p>Fonte: Assessoria<\/p>\n","protected":false},"excerpt":{"rendered":"<p>Saiu a tabela das quartas de final da Superliga B! e tem jogo j\u00e1 na pr\u00f3xima quarta-feira, dia 17. O JF V\u00f4lei vai a Niter\u00f3i encarar o Niter\u00f3i V\u00f4lei Clube, \u00e0s 18h, no Col\u00e9gio Plinio Leite. A segunda partida da melhor de tr\u00eas acontecer\u00e1 no s\u00e1bado, 20, em Contagem, \u00e0s 14h30, no gin\u00e1sio do Riacho. [&hellip;]<\/p>\n","protected":false},"author":246,"featured_media":179403,"comment_status":"closed","ping_status":"closed","sticky":false,"template":"","format":"standard","meta":{"footnotes":""},"categories":[436,257,439],"tags":[],"class_list":["post-179402","post","type-post","status-publish","format-standard","has-post-thumbnail","hentry","category-destaque-da-semana","category-esporte","category-ultima-hora"],"_links":{"self":[{"href":"https:\/\/diarioregionaldigital.com.br\/index.php?rest_route=\/wp\/v2\/posts\/179402","targetHints":{"allow":["GET"]}}],"collection":[{"href":"https:\/\/diarioregionaldigital.com.br\/index.php?rest_route=\/wp\/v2\/posts"}],"about":[{"href":"https:\/\/diarioregionaldigital.com.br\/index.php?rest_route=\/wp\/v2\/types\/post"}],"author":[{"embeddable":true,"href":"https:\/\/diarioregionaldigital.com.br\/index.php?rest_route=\/wp\/v2\/users\/246"}],"replies":[{"embeddable":true,"href":"https:\/\/diarioregionaldigital.com.br\/index.php?rest_route=%2Fwp%2Fv2%2Fcomments&post=179402"}],"version-history":[{"count":0,"href":"https:\/\/diarioregionaldigital.com.br\/index.php?rest_route=\/wp\/v2\/posts\/179402\/revisions"}],"wp:featuredmedia":[{"embeddable":true,"href":"https:\/\/diarioregionaldigital.com.br\/index.php?rest_route=\/wp\/v2\/media\/179403"}],"wp:attachment":[{"href":"https:\/\/diarioregionaldigital.com.br\/index.php?rest_route=%2Fwp%2Fv2%2Fmedia&parent=179402"}],"wp:term":[{"taxonomy":"category","embeddable":true,"href":"https:\/\/diarioregionaldigital.com.br\/index.php?rest_route=%2Fwp%2Fv2%2Fcategories&post=179402"},{"taxonomy":"post_tag","embeddable":true,"href":"https:\/\/diarioregionaldigital.com.br\/index.php?rest_route=%2Fwp%2Fv2%2Ftags&post=179402"}],"curies":[{"name":"wp","href":"https:\/\/api.w.org\/{rel}","templated":true}]}}