{"id":179399,"date":"2021-03-12T18:53:16","date_gmt":"2021-03-12T21:53:16","guid":{"rendered":"https:\/\/diarioregionaldigital.com.br\/?p=179399"},"modified":"2021-03-12T18:53:16","modified_gmt":"2021-03-12T21:53:16","slug":"juiz-de-fora-entra-para-a-onda-roxa-do-programa-minas-consciente-a-partir-deste-sabado-13","status":"publish","type":"post","link":"https:\/\/diarioregionaldigital.com.br\/?p=179399","title":{"rendered":"Juiz de Fora entra para a Onda Roxa do programa Minas Consciente a partir deste s\u00e1bado, 13"},"content":{"rendered":"<p>Juiz de Fora entra, a partir deste s\u00e1bado, 13, na Onda Roxa do programa estadual de enfrentamento \u00e0 Covid-19, \u201cMinas Consciente\u201d. A decis\u00e3o do Governo de Minas, que afeta toda a macrorregi\u00e3o Sudeste, da qual a cidade \u00e9 polo, foi divulgada na \u00faltima quinta-feira, 11, pelo Comit\u00ea Extraordin\u00e1rio Covid-19, grupo que se re\u00fane semanalmente para avaliar os indicadores da doen\u00e7a no estado. Embora n\u00e3o integre mais o \u201cMinas Consciente\u201d, a onda roxa tem car\u00e1ter impositivo e se deve ao risco de satura\u00e7\u00e3o e \u00e0 necessidade de reestabelecer a capacidade de assist\u00eancia hospitalar para n\u00e3o comprometer a rede assistencial em todo o estado.<\/p>\n<p>\u201cIndependente da ades\u00e3o ao Minas Consciente, o decreto \u00e9 impositivo e vinculante, \u00e0 vista da gravidade crescente da situa\u00e7\u00e3o da pandemia. Vamos cumprir a decis\u00e3o, que responde \u00e0 nossa emerg\u00eancia sanit\u00e1ria, do estado e da regi\u00e3o\u201d, destacou a prefeita Margarida Salom\u00e3o. \u201cEstamos em situa\u00e7\u00e3o cr\u00edtica, apesar de trabalhar para o aumento da disponibilidade de leitos desde que chegamos. \u00c9 uma corrida ingrata, da vida contra o v\u00edrus. Abrimos mais leitos e as contamina\u00e7\u00f5es est\u00e3o crescendo em uma propor\u00e7\u00e3o superior \u00e0 nossa capacidade de oferecer recursos sanit\u00e1rios\u201d.<\/p>\n<p>Confira o que est\u00e1 permitido e proibido na Faixa Roxa, segundo o programa \u201cMinas Consciente\u201d:<\/p>\n<p><b>Est\u00e1 permitido o funcionamento, das 5h \u00e0s 20h, das seguintes atividades e seus respectivos sistemas log\u00edsticos de opera\u00e7\u00e3o e cadeia de abastecimento:<\/b><\/p>\n<p>&#8211; Ind\u00fastria e com\u00e9rcio de f\u00e1rmacos, farm\u00e1cias, drogarias e \u00f3ticas;<br \/>\n&#8211; Fabrica\u00e7\u00e3o, montagem e distribui\u00e7\u00e3o de materiais cl\u00ednicos e hospitalares;<br \/>\n&#8211; Hipermercados, supermercados, mercados, a\u00e7ougues, peixarias, hortifrutigranjeiros, padarias, quitandas, centros de abastecimento de alimentos, lojas de conveni\u00eancia, lanchonetes, de \u00e1gua mineral e de alimentos para animais;<br \/>\n&#8211; Produ\u00e7\u00e3o, distribui\u00e7\u00e3o e comercializa\u00e7\u00e3o de combust\u00edveis e derivados;<br \/>\n&#8211; Distribuidoras de g\u00e1s;<br \/>\n&#8211; Oficinas mec\u00e2nicas, borracharias, autope\u00e7as, concession\u00e1rias e revendedoras de ve\u00edculos automotores de qualquer natureza, inclusive as de m\u00e1quinas agr\u00edcolas e afins;<br \/>\n&#8211; Restaurantes em pontos ou postos de paradas nas rodovias;<br \/>\n&#8211; Ag\u00eancias banc\u00e1rias e similares;<br \/>\n&#8211; Cadeia industrial de alimentos;<br \/>\n&#8211; Agrossilvipastoris e agroindustriais;<br \/>\n&#8211; Relacionados \u00e0 tecnologia da informa\u00e7\u00e3o e de processamento de dados, tais como gest\u00e3o, desenvolvimento, suporte e manuten\u00e7\u00e3o de hardware, software, hospedagem e conectividade;<br \/>\n&#8211; Constru\u00e7\u00e3o civil;<br \/>\n&#8211; Setores industriais, desde que relacionados \u00e0 cadeia produtiva de servi\u00e7os e produtos essenciais;<br \/>\n&#8211; Lavanderias;<br \/>\n&#8211; Assist\u00eancia veterin\u00e1ria e pet shops;<br \/>\n&#8211; Transporte e entrega de cargas em geral;<br \/>\n&#8211; Call center;<br \/>\n&#8211; Loca\u00e7\u00e3o de ve\u00edculos de qualquer natureza, inclusive a de m\u00e1quinas agr\u00edcolas e afins;<br \/>\n&#8211; Assist\u00eancia t\u00e9cnica em m\u00e1quinas, equipamentos, instala\u00e7\u00f5es, edifica\u00e7\u00f5es e atividades correlatas, tais como a de eletricista e bombeiro hidr\u00e1ulico;<br \/>\n&#8211; Controle de pragas e de desinfec\u00e7\u00e3o de ambientes;<br \/>\n&#8211; Atendimento e atua\u00e7\u00e3o em emerg\u00eancias ambientais;<br \/>\n&#8211; Com\u00e9rcio atacadista e varejista de insumos para confec\u00e7\u00e3o de equipamentos de prote\u00e7\u00e3o individual \u2013 EPI e cl\u00ednico-hospitalares, tais como tecidos, artefatos de tecidos e aviamento;<br \/>\n&#8211; Atividades de representa\u00e7\u00e3o judicial e extrajudicial, assessoria e consultoria jur\u00eddicas;<br \/>\n&#8211; Relacionados \u00e0 contabilidade;<br \/>\n&#8211; Realiza\u00e7\u00e3o de transa\u00e7\u00f5es comerciais por meio de aplicativos, internet, telefone ou outros instrumentos similares;<br \/>\n&#8211; Entrega de mercadorias em domic\u00edlio;<br \/>\n&#8211; Retirada em balc\u00e3o em bares, restaurantes e lanchonetes;<br \/>\n&#8211; O acesso \u00e0s atividades acima, para fins de consumo ou de trabalho.<\/p>\n<p><b>Est\u00e1 permitido, das 20h \u00e0s 5h<\/b><br \/>\n&#8211; Atividades relacionadas \u00e0 sa\u00fade, \u00e0 seguran\u00e7a e \u00e0 assist\u00eancia.<\/p>\n<p><b>Est\u00e1 permitido em qualquer hor\u00e1rio<\/b><br \/>\nFuncionamento de hot\u00e9is somente como resid\u00eancia e para fins de isolamento.<\/p>\n<p><b>Est\u00e1 proibido<\/b><br \/>\n&#8211; Consumo interno em bares, restaurantes e lanchonetes;<br \/>\n&#8211; Circula\u00e7\u00e3o de pessoas e ve\u00edculos se n\u00e3o para acesso a atividades, servi\u00e7os e bens permitidos, e para fins de trabalho;<br \/>\n&#8211; Circula\u00e7\u00e3o de pessoas sem o uso de m\u00e1scara de prote\u00e7\u00e3o, em qualquer espa\u00e7o p\u00fablico ou de uso coletivo, ainda que privado;<br \/>\n&#8211; Circula\u00e7\u00e3o de pessoas com sintomas gripais, exceto para a realiza\u00e7\u00e3o ou acompanhamento de consultas ou realiza\u00e7\u00e3o de exames m\u00e9dico-hospitalares;<br \/>\n&#8211; Realiza\u00e7\u00e3o de visitas sociais e entre familiares, salvo em caso de assist\u00eancia;<br \/>\n&#8211; Realiza\u00e7\u00e3o de eventos e reuni\u00f5es de qualquer natureza, de car\u00e1ter p\u00fablico ou privado, inclu\u00eddas excurs\u00f5es e cursos presenciais.<\/p>\n<p><b>Protocolo restritivo<\/b><br \/>\n&#8211; As atividades permitidas devem seguir os protocolos do programa Minas Consciente, dispon\u00edveis no\u00a0<a href=\"https:\/\/www.mg.gov.br\/sites\/default\/files\/paginas\/imagens\/minasconsciente\/protocolos\/minas_consciente_protocolo_v3.4_-_onda_roxa_-_escolas.pdf\"><b>link<\/b><\/a><\/p>\n<p><b>Comprova\u00e7\u00e3o para deslocamentos<\/b><\/p>\n<p>As pessoas que estiverem se deslocando para o trabalho, em servi\u00e7os permitidos, dever\u00e3o portar carteira de trabalho ou funcional ou crach\u00e1 ou contrato de trabalho ou qualquer outro documento que justifique o v\u00ednculo profissional.<\/p>\n<p>A comprova\u00e7\u00e3o para outros deslocamentos n\u00e3o essenciais se dar\u00e1 atrav\u00e9s de documento de identidade oficial com foto e autodeclara\u00e7\u00e3o para deslocamento durante a quarentena, que n\u00e3o precisa ser impressa. O comprovante poder\u00e1 ser apresentado pelo celular, ou por qualquer equipamento eletr\u00f4nico que se conecte \u00e0 internet, para confirmar a necessidade do deslocamento.<\/p>\n<p><b>Fiscaliza\u00e7\u00e3o<\/b><\/p>\n<p>A \u201cFiscaliza\u00e7\u00e3o pela Vida\u201d verificar\u00e1 o cumprimento da Legisla\u00e7\u00e3o e protocolos, aplicando as penalidades previstas. A opera\u00e7\u00e3o \u201cFiscaliza\u00e7\u00e3o pela Vida\u201d \u00e9 uma atua\u00e7\u00e3o conjunta dos fiscais de posturas da Secretaria de Sustentabilidade em Meio Ambiente e Atividades Urbanas (Sesmaur); dos guardas municipais da Secretaria de Seguran\u00e7a Urbana e Cidadania (Sesuc); dos agentes de transporte e tr\u00e2nsito da SMU, do Procon e da Pol\u00edcia Militar de Minas Gerais (PMMG).<\/p>\n<p>Fonte: Assessoria<\/p>\n","protected":false},"excerpt":{"rendered":"<p>Juiz de Fora entra, a partir deste s\u00e1bado, 13, na Onda Roxa do programa estadual de enfrentamento \u00e0 Covid-19, \u201cMinas Consciente\u201d. A decis\u00e3o do Governo de Minas, que afeta toda a macrorregi\u00e3o Sudeste, da qual a cidade \u00e9 polo, foi divulgada na \u00faltima quinta-feira, 11, pelo Comit\u00ea Extraordin\u00e1rio Covid-19, grupo que se re\u00fane semanalmente para [&hellip;]<\/p>\n","protected":false},"author":246,"featured_media":179400,"comment_status":"closed","ping_status":"closed","sticky":false,"template":"","format":"standard","meta":{"footnotes":""},"categories":[253,440,262,439],"tags":[],"class_list":["post-179399","post","type-post","status-publish","format-standard","has-post-thumbnail","hentry","category-cidade","category-destaques-do-dia","category-noticias","category-ultima-hora"],"_links":{"self":[{"href":"https:\/\/diarioregionaldigital.com.br\/index.php?rest_route=\/wp\/v2\/posts\/179399","targetHints":{"allow":["GET"]}}],"collection":[{"href":"https:\/\/diarioregionaldigital.com.br\/index.php?rest_route=\/wp\/v2\/posts"}],"about":[{"href":"https:\/\/diarioregionaldigital.com.br\/index.php?rest_route=\/wp\/v2\/types\/post"}],"author":[{"embeddable":true,"href":"https:\/\/diarioregionaldigital.com.br\/index.php?rest_route=\/wp\/v2\/users\/246"}],"replies":[{"embeddable":true,"href":"https:\/\/diarioregionaldigital.com.br\/index.php?rest_route=%2Fwp%2Fv2%2Fcomments&post=179399"}],"version-history":[{"count":0,"href":"https:\/\/diarioregionaldigital.com.br\/index.php?rest_route=\/wp\/v2\/posts\/179399\/revisions"}],"wp:featuredmedia":[{"embeddable":true,"href":"https:\/\/diarioregionaldigital.com.br\/index.php?rest_route=\/wp\/v2\/media\/179400"}],"wp:attachment":[{"href":"https:\/\/diarioregionaldigital.com.br\/index.php?rest_route=%2Fwp%2Fv2%2Fmedia&parent=179399"}],"wp:term":[{"taxonomy":"category","embeddable":true,"href":"https:\/\/diarioregionaldigital.com.br\/index.php?rest_route=%2Fwp%2Fv2%2Fcategories&post=179399"},{"taxonomy":"post_tag","embeddable":true,"href":"https:\/\/diarioregionaldigital.com.br\/index.php?rest_route=%2Fwp%2Fv2%2Ftags&post=179399"}],"curies":[{"name":"wp","href":"https:\/\/api.w.org\/{rel}","templated":true}]}}