{"id":179394,"date":"2021-03-12T18:33:43","date_gmt":"2021-03-12T21:33:43","guid":{"rendered":"https:\/\/diarioregionaldigital.com.br\/?p=179394"},"modified":"2021-03-12T18:33:43","modified_gmt":"2021-03-12T21:33:43","slug":"idosos-com-83-anos-comecam-a-ser-vacinados-nesta-segunda-15","status":"publish","type":"post","link":"https:\/\/diarioregionaldigital.com.br\/?p=179394","title":{"rendered":"Idosos com 83 anos come\u00e7am a ser vacinados nesta segunda, 15"},"content":{"rendered":"<p>A partir de segunda-feira, 15, a Secretaria de Sa\u00fade (SS) inicia vacina\u00e7\u00e3o contra o coronav\u00edrus em idosos com 83 anos ou mais no Departamento de Sa\u00fade do Idoso e nas sete Unidades B\u00e1sicas de Sa\u00fade (UBSs) indicadas para realizar a imuniza\u00e7\u00e3o, das 8h \u00e0s 16h. As Unidades B\u00e1sicas t\u00eam hor\u00e1rio especial \u00e0s quintas-feiras. O expediente termina mais cedo, \u00e0s 14h, para realiza\u00e7\u00e3o de trabalhos internos. As pessoas de 83 anos ou mais, que t\u00eam prefer\u00eancia por se vacinar no drive-thru podem aguardar o in\u00edcio da vacina\u00e7\u00e3o para idosos a partir de 82 anos, prevista para quarta-feira, 17, no estacionamento da Faculdade de Educa\u00e7\u00e3o da Universidade Federal de Juiz de Fora (UFJF).<\/p>\n<p>Os idosos a antes de se dirigirem aos postos de vacina\u00e7\u00e3o precisam se pr\u00e9-cadastrar no\u00a0<a href=\"https:\/\/www.pjf.mg.gov.br\/\"><b>site da Prefeitura<\/b><\/a>. No pr\u00e9-cadastro s\u00e3o solicitados dados pessoais como nome, CPF, data de nascimento, sexo, telefone, e-mail, idade, CEP da resid\u00eancia, logradouro (rua), n\u00famero da resid\u00eancia\/pr\u00e9dio, bairro, grupo alvo (faixa et\u00e1ria), entre outros. O objetivo \u00e9 agilizar o atendimento nos locais de imuniza\u00e7\u00e3o e evitar aglomera\u00e7\u00f5es na aplica\u00e7\u00e3o das vacinas. Ao final do preenchimento, o documento deve ser enviado. Em seguida aparecer\u00e1 uma mensagem informando que os dados foram registrados.<\/p>\n<p>Logo acima do pr\u00e9-cadastramento h\u00e1 outro formul\u00e1rio que deve ser impresso e preenchido para entrega no momento da vacina\u00e7\u00e3o. O documento tamb\u00e9m pode ser acessado pelo\u00a0<a href=\"https:\/\/covid19.pjf.mg.gov.br\/arquivos\/formulario_para_vacinacao.pdf\"><b>link<\/b><\/a>. Na parte superior consta um informe orientando o n\u00e3o preenchimento do campo \u201cEstabelecimento de Sa\u00fade\u201d.<\/p>\n<p>Os idosos, para receberem a primeira dose, devem apresentar documento de identidade com foto e comprovante de resid\u00eancia, com c\u00f3pias. Se o comprovante de resid\u00eancia n\u00e3o estiver em seu nome, pode ser entregue uma declara\u00e7\u00e3o do titular do im\u00f3vel informando que o idoso reside nele.<\/p>\n<p><b>Confira o calend\u00e1rio de vacina\u00e7\u00e3o a partir desta segunda-feira, 15<\/b><\/p>\n<p><b>Segunda-feira, 15 de mar\u00e7o:<\/b>\u00a0In\u00edcio da vacina\u00e7\u00e3o dos idosos a partir de 83 anos no Departamento de Sa\u00fade do Idoso e nas sete UBSs que contemplam o programa de imuniza\u00e7\u00e3o. Vacina\u00e7\u00e3o de profissionais da sa\u00fade ativos acima de 50 anos nas sete UBSs.<\/p>\n<p><b>Ter\u00e7a-feira, dia 16 de mar\u00e7o:<\/b>\u00a0Vacina\u00e7\u00e3o de idosos com 83 anos ou mais no Departamento de Sa\u00fade do Idoso e nas sete UBSs que contemplam o programa de imuniza\u00e7\u00e3o. Vacina\u00e7\u00e3o de profissionais da sa\u00fade ativos acima de 50 anos nas sete UBSs.<\/p>\n<p><b>Quarta-feira, 17 de mar\u00e7o:<\/b>\u00a0drive-thru no estacionamento da Faculdade de Educa\u00e7\u00e3o, no Campus da Universidade Federal de Juiz de Fora (in\u00edcio da vacina\u00e7\u00e3o dos idosos com 82 anos ou mais). Vacina\u00e7\u00e3o de profissionais da sa\u00fade ativos acima de 50 anos nas sete UBSs.<\/p>\n<p><b>Quinta-feira, 18 de mar\u00e7o:<\/b>\u00a0vacina\u00e7\u00e3o dos idosos a partir de 82 anos no Departamento de Sa\u00fade do Idoso e nas sete UBSs que contemplam o programa de imuniza\u00e7\u00e3o. Vacina\u00e7\u00e3o de profissionais da sa\u00fade ativos acima de 50 anos nas sete UBSs.<\/p>\n<p><b>Sexta-feira, 19 de mar\u00e7o:<\/b>\u00a0Vacina\u00e7\u00e3o dos idosos a partir de 82 anos no Departamento de Sa\u00fade do Idoso e nas sete UBSs que contemplam o programa de imuniza\u00e7\u00e3o. Vacina\u00e7\u00e3o de profissionais da sa\u00fade ativos acima de 50 anos nas sete UBSs.<\/p>\n<p><b>Locais de vacina\u00e7\u00e3o<\/b><\/p>\n<p>De segunda \u00e0 sexta-feira nas UBS e no DSI, das 8h \u00e0s 16h. \u00c0s quintas-feiras, as UBSs encerram o atendimento \u00e0s 14h.<\/p>\n<p>No drive-thru da UFJF a vacina\u00e7\u00e3o ocorre somente no dia 17, das 9h \u00e0s 16h.<\/p>\n<p>Departamento de Sa\u00fade do Idoso, rua Batista de Oliveira, 943;<\/p>\n<p>-UBS Benfica: Rua Guararapes, 106;<br \/>\n-UBS Nossa Senhora das Gra\u00e7as: Rua Queluz, 72;<br \/>\n&#8211; UBS Nossa Senhora Aparecida: Rua Nossa Senhora Aparecida, 775;<br \/>\n&#8211; UBS Vila Ideal: Avenida Francisco Valadares, 1.910;<br \/>\n&#8211; UBS Santa Luzia: Rua Torre\u00f5es, s\/n\u00ba;<br \/>\n&#8211; UBS S\u00e3o Pedro: Rua Jo\u00e3o Louren\u00e7o Kelmer, 1.433;<br \/>\n&#8211; UBS Borboleta: Rua Tenente Paulo Maria Delage 297.<\/p>\n<p>Fonte: Assessoria<\/p>\n","protected":false},"excerpt":{"rendered":"<p>A partir de segunda-feira, 15, a Secretaria de Sa\u00fade (SS) inicia vacina\u00e7\u00e3o contra o coronav\u00edrus em idosos com 83 anos ou mais no Departamento de Sa\u00fade do Idoso e nas sete Unidades B\u00e1sicas de Sa\u00fade (UBSs) indicadas para realizar a imuniza\u00e7\u00e3o, das 8h \u00e0s 16h. As Unidades B\u00e1sicas t\u00eam hor\u00e1rio especial \u00e0s quintas-feiras. O expediente [&hellip;]<\/p>\n","protected":false},"author":246,"featured_media":179251,"comment_status":"closed","ping_status":"closed","sticky":false,"template":"","format":"standard","meta":{"footnotes":""},"categories":[253,436,440,262,439],"tags":[],"class_list":["post-179394","post","type-post","status-publish","format-standard","has-post-thumbnail","hentry","category-cidade","category-destaque-da-semana","category-destaques-do-dia","category-noticias","category-ultima-hora"],"_links":{"self":[{"href":"https:\/\/diarioregionaldigital.com.br\/index.php?rest_route=\/wp\/v2\/posts\/179394","targetHints":{"allow":["GET"]}}],"collection":[{"href":"https:\/\/diarioregionaldigital.com.br\/index.php?rest_route=\/wp\/v2\/posts"}],"about":[{"href":"https:\/\/diarioregionaldigital.com.br\/index.php?rest_route=\/wp\/v2\/types\/post"}],"author":[{"embeddable":true,"href":"https:\/\/diarioregionaldigital.com.br\/index.php?rest_route=\/wp\/v2\/users\/246"}],"replies":[{"embeddable":true,"href":"https:\/\/diarioregionaldigital.com.br\/index.php?rest_route=%2Fwp%2Fv2%2Fcomments&post=179394"}],"version-history":[{"count":0,"href":"https:\/\/diarioregionaldigital.com.br\/index.php?rest_route=\/wp\/v2\/posts\/179394\/revisions"}],"wp:featuredmedia":[{"embeddable":true,"href":"https:\/\/diarioregionaldigital.com.br\/index.php?rest_route=\/wp\/v2\/media\/179251"}],"wp:attachment":[{"href":"https:\/\/diarioregionaldigital.com.br\/index.php?rest_route=%2Fwp%2Fv2%2Fmedia&parent=179394"}],"wp:term":[{"taxonomy":"category","embeddable":true,"href":"https:\/\/diarioregionaldigital.com.br\/index.php?rest_route=%2Fwp%2Fv2%2Fcategories&post=179394"},{"taxonomy":"post_tag","embeddable":true,"href":"https:\/\/diarioregionaldigital.com.br\/index.php?rest_route=%2Fwp%2Fv2%2Ftags&post=179394"}],"curies":[{"name":"wp","href":"https:\/\/api.w.org\/{rel}","templated":true}]}}