{"id":179391,"date":"2021-03-12T18:25:39","date_gmt":"2021-03-12T21:25:39","guid":{"rendered":"https:\/\/diarioregionaldigital.com.br\/?p=179391"},"modified":"2021-03-12T18:25:39","modified_gmt":"2021-03-12T21:25:39","slug":"praca-ceu-completa-seis-anos-e-mantem-acoes-em-ambiente-virtual","status":"publish","type":"post","link":"https:\/\/diarioregionaldigital.com.br\/?p=179391","title":{"rendered":"Pra\u00e7a CEU completa seis anos e mant\u00e9m a\u00e7\u00f5es em ambiente virtual"},"content":{"rendered":"<p>Refer\u00eancia de cidadania e cultura na Zona Norte de Juiz de Fora, a Pra\u00e7a CEU (Centro de Artes e Esportes Unificados Coronel \u201cAdelmir Romualdo de Oliveira\u201d) completa seis anos nesta segunda-feira, 15. O equipamento urbano, que \u00e9 mantido pela Prefeitura de Juiz de Fora, por meio da Funda\u00e7\u00e3o Cultural Alfredo Ferreira Lage (Funalfa), oferece 12 oficinas gratuitas de arte e esporte, atendendo pessoas de todas as faixas et\u00e1rias.<\/p>\n<p>O fechamento das atividades presenciais, decorrente do protocolo de enfrentamento \u00e0 pandemia de Covid-19, n\u00e3o impediu que a Pra\u00e7a CEU mantivesse o v\u00ednculo com seus usu\u00e1rios, articuladores culturais e demais profissionais. Rapidamente, a equipe se mobilizou com o objetivo de migrar suas atividades para o ambiente virtual. Atualmente, os conte\u00fados s\u00e3o repassados por meio de 63 grupos de WhatsApp, al\u00e9m de videoconfer\u00eancias e lives. S\u00e3o mais de mil crian\u00e7as, adolescentes, jovens, adultos e idosos atendidos em oficinas virtuais de dan\u00e7a, m\u00fasica, teatro, gin\u00e1stica, futsal, capoeira e alongamento.<\/p>\n<p>Durante a quarentena, foram realizados diversos eventos, como o Festival Virtual de Dan\u00e7a e a Corrida Virtual do CEU. As alunas de artesanato da pra\u00e7a, que tem gest\u00e3o da Associa\u00e7\u00e3o Cultural Arte e Vida (Acav), confeccionaram cerca de 15 mil m\u00e1scaras de prote\u00e7\u00e3o pessoal para doa\u00e7\u00e3o a profissionais de sa\u00fade, a partir de convite da Rede de Ajuda Humanit\u00e1ria.<\/p>\n<p>A diretora-geral da Funalfa, Giane Elisa Sales de Almeida, refor\u00e7a o impacto positivo do equipamento urbano para a cidade. \u201cA Pra\u00e7a CEU tem import\u00e2ncia fundamental no direito a pr\u00e1ticas art\u00edsticas e esportivas, al\u00e9m das viv\u00eancias culturais, principalmente na Zona Norte de Juiz de Fora, que j\u00e1 s\u00e3o articuladas e executadas em outros territ\u00f3rios. \u00c9 uma alegria poder estar comemorando o sexto ano da Pra\u00e7a CEU, equipamento de refer\u00eancia para outras pra\u00e7as e iniciativas do mesmo modelo. E desejamos muito no in\u00edcio desse novo ciclo, que n\u00f3s possamos conseguir tanto a expans\u00e3o das atividades para toda a regi\u00e3o norte da cidade, quanto articular pol\u00edticas p\u00fablicas.\u201d<\/p>\n<p>Fonte: Assessoria<\/p>\n","protected":false},"excerpt":{"rendered":"<p>Refer\u00eancia de cidadania e cultura na Zona Norte de Juiz de Fora, a Pra\u00e7a CEU (Centro de Artes e Esportes Unificados Coronel \u201cAdelmir Romualdo de Oliveira\u201d) completa seis anos nesta segunda-feira, 15. O equipamento urbano, que \u00e9 mantido pela Prefeitura de Juiz de Fora, por meio da Funda\u00e7\u00e3o Cultural Alfredo Ferreira Lage (Funalfa), oferece 12 [&hellip;]<\/p>\n","protected":false},"author":246,"featured_media":179392,"comment_status":"closed","ping_status":"closed","sticky":false,"template":"","format":"standard","meta":{"footnotes":""},"categories":[253,256,436,439],"tags":[],"class_list":["post-179391","post","type-post","status-publish","format-standard","has-post-thumbnail","hentry","category-cidade","category-cultura","category-destaque-da-semana","category-ultima-hora"],"_links":{"self":[{"href":"https:\/\/diarioregionaldigital.com.br\/index.php?rest_route=\/wp\/v2\/posts\/179391","targetHints":{"allow":["GET"]}}],"collection":[{"href":"https:\/\/diarioregionaldigital.com.br\/index.php?rest_route=\/wp\/v2\/posts"}],"about":[{"href":"https:\/\/diarioregionaldigital.com.br\/index.php?rest_route=\/wp\/v2\/types\/post"}],"author":[{"embeddable":true,"href":"https:\/\/diarioregionaldigital.com.br\/index.php?rest_route=\/wp\/v2\/users\/246"}],"replies":[{"embeddable":true,"href":"https:\/\/diarioregionaldigital.com.br\/index.php?rest_route=%2Fwp%2Fv2%2Fcomments&post=179391"}],"version-history":[{"count":0,"href":"https:\/\/diarioregionaldigital.com.br\/index.php?rest_route=\/wp\/v2\/posts\/179391\/revisions"}],"wp:featuredmedia":[{"embeddable":true,"href":"https:\/\/diarioregionaldigital.com.br\/index.php?rest_route=\/wp\/v2\/media\/179392"}],"wp:attachment":[{"href":"https:\/\/diarioregionaldigital.com.br\/index.php?rest_route=%2Fwp%2Fv2%2Fmedia&parent=179391"}],"wp:term":[{"taxonomy":"category","embeddable":true,"href":"https:\/\/diarioregionaldigital.com.br\/index.php?rest_route=%2Fwp%2Fv2%2Fcategories&post=179391"},{"taxonomy":"post_tag","embeddable":true,"href":"https:\/\/diarioregionaldigital.com.br\/index.php?rest_route=%2Fwp%2Fv2%2Ftags&post=179391"}],"curies":[{"name":"wp","href":"https:\/\/api.w.org\/{rel}","templated":true}]}}