{"id":179364,"date":"2021-03-14T01:33:22","date_gmt":"2021-03-14T04:33:22","guid":{"rendered":"https:\/\/diarioregionaldigital.com.br\/?p=179364"},"modified":"2021-03-13T00:08:45","modified_gmt":"2021-03-13T03:08:45","slug":"assembleia-de-cotresa-14-03-2021","status":"publish","type":"post","link":"https:\/\/diarioregionaldigital.com.br\/?p=179364","title":{"rendered":"Assembl\u00e9ia de Cotresa &#8211; 14\/03\/2021"},"content":{"rendered":"<p style=\"text-align: center;\"><strong><u>COTRESA S\/A \u2013 CNPJ: 21.557.889\/0001-82<\/u><\/strong><\/p>\n<p style=\"text-align: center;\"><strong><u>AVISO AOS ACIONISTAS<\/u><\/strong><\/p>\n<p>Acham-se \u00e0 disposi\u00e7\u00e3o dos Senhores Acionistas, na Rua Marechal Floriano Peixoto, 521, Centro, Juiz de Fora \u2013 MG, CEP. 36015-440, de segunda \u00e0 sexta-feira, no hor\u00e1rio das 09H:00 at\u00e9 12H:00, os documentos a que se refere o art. 133, da Lei 6.404\/76, relativos ao exerc\u00edcio de 2020.<\/p>\n<p style=\"text-align: center;\"><strong><u>EDITAL DE CONVOCA\u00c7\u00c3O<\/u><\/strong><\/p>\n<p style=\"text-align: center;\"><strong><u>ASSEMBL\u00c9IA GERAL ORDIN\u00c1RIA<\/u><\/strong><\/p>\n<p>De conformidade com o Estatuto Social e, ainda, observados os dispositivos da Lei 6.404\/76, ficam os Senhores Acionistas da sociedade COTRESA S\/A convocados para participarem da Assembl\u00e9ia Geral Ordin\u00e1ria a ser realizada na Rua Marechal Floriano Peixoto, 521, Centro, Juiz de Fora \u2013 MG, CEP. 36015-440, \u00e0s 11h:00, do dia 14 de abril de 2021, para deliberarem sobre a seguinte ordem do dia:<\/p>\n<p>1\u00ba) Examinar, discutir e votar a Presta\u00e7\u00e3o de Contas, o Relat\u00f3rio da Diretoria e as Demonstra\u00e7\u00f5es Financeiras do Balan\u00e7o encerrado em 31.12.2020.<\/p>\n<p>2\u00ba) Deliberar sobre a destina\u00e7\u00e3o de lucros l\u00edquidos.<\/p>\n<p>3\u00ba) Assuntos gerais.<\/p>\n<p>Juiz de Fora, 09 de mar\u00e7o de 2021.<\/p>\n<p style=\"text-align: center;\"><strong>Walter Abizaid J\u00fanior<\/strong><\/p>\n<p style=\"text-align: center;\"><strong>Diretor Superintendente<\/strong><\/p>\n","protected":false},"excerpt":{"rendered":"<p>COTRESA S\/A \u2013 CNPJ: 21.557.889\/0001-82 AVISO AOS ACIONISTAS Acham-se \u00e0 disposi\u00e7\u00e3o dos Senhores Acionistas, na Rua Marechal Floriano Peixoto, 521, Centro, Juiz de Fora \u2013 MG, CEP. 36015-440, de segunda \u00e0 sexta-feira, no hor\u00e1rio das 09H:00 at\u00e9 12H:00, os documentos a que se refere o art. 133, da Lei 6.404\/76, relativos ao exerc\u00edcio de 2020. [&hellip;]<\/p>\n","protected":false},"author":96,"featured_media":0,"comment_status":"closed","ping_status":"closed","sticky":false,"template":"","format":"standard","meta":{"footnotes":""},"categories":[307],"tags":[],"class_list":["post-179364","post","type-post","status-publish","format-standard","hentry","category-editais"],"_links":{"self":[{"href":"https:\/\/diarioregionaldigital.com.br\/index.php?rest_route=\/wp\/v2\/posts\/179364","targetHints":{"allow":["GET"]}}],"collection":[{"href":"https:\/\/diarioregionaldigital.com.br\/index.php?rest_route=\/wp\/v2\/posts"}],"about":[{"href":"https:\/\/diarioregionaldigital.com.br\/index.php?rest_route=\/wp\/v2\/types\/post"}],"author":[{"embeddable":true,"href":"https:\/\/diarioregionaldigital.com.br\/index.php?rest_route=\/wp\/v2\/users\/96"}],"replies":[{"embeddable":true,"href":"https:\/\/diarioregionaldigital.com.br\/index.php?rest_route=%2Fwp%2Fv2%2Fcomments&post=179364"}],"version-history":[{"count":0,"href":"https:\/\/diarioregionaldigital.com.br\/index.php?rest_route=\/wp\/v2\/posts\/179364\/revisions"}],"wp:attachment":[{"href":"https:\/\/diarioregionaldigital.com.br\/index.php?rest_route=%2Fwp%2Fv2%2Fmedia&parent=179364"}],"wp:term":[{"taxonomy":"category","embeddable":true,"href":"https:\/\/diarioregionaldigital.com.br\/index.php?rest_route=%2Fwp%2Fv2%2Fcategories&post=179364"},{"taxonomy":"post_tag","embeddable":true,"href":"https:\/\/diarioregionaldigital.com.br\/index.php?rest_route=%2Fwp%2Fv2%2Ftags&post=179364"}],"curies":[{"name":"wp","href":"https:\/\/api.w.org\/{rel}","templated":true}]}}