{"id":179358,"date":"2021-03-12T06:00:07","date_gmt":"2021-03-12T09:00:07","guid":{"rendered":"https:\/\/diarioregionaldigital.com.br\/?p=179358"},"modified":"2021-03-12T01:20:56","modified_gmt":"2021-03-12T04:20:56","slug":"realidade-3","status":"publish","type":"post","link":"https:\/\/diarioregionaldigital.com.br\/?p=179358","title":{"rendered":"Realidade"},"content":{"rendered":"<p style=\"text-align: center;\"><strong>Aux\u00edlio<\/strong><\/p>\n<p style=\"text-align: center;\">Em pesquisa feita em todo o Brasil pela Ipec nada mais que 92% dos brasileiros acham que o aux\u00edlio emergencial \u201cdeveria ser pago at\u00e9 a situa\u00e7\u00e3o econ\u00f4mica voltar ao normal\u201d. N\u00e3o \u00e9 uma boa not\u00edcia para a equipe econ\u00f4mica que teria que conviver por 4 meses com a extens\u00e3o do Coronavoucher.<\/p>\n<p style=\"text-align: center;\"><strong>Rosquinhas <\/strong><\/p>\n<p style=\"text-align: center;\">Os cupcakes que se cuidem. Em \u00e9poca de pandemia as vers\u00f5es artesanais dos donuts viraram febre nas redes sociais e caem no gosto dos juiz-foranos e ganham destaque nas festas de isolamento. Contudo, os docinhos e chocolates finos de Rose Tortoriello, continuam imbat\u00edveis em Juiz de Fora.<\/p>\n<p style=\"text-align: center;\"><strong>Singularidade <\/strong><\/p>\n<p style=\"text-align: center;\">Com sua compet\u00eancia no ar, o exercito de marketing e vendas por 15 anos, Jo\u00e3o M\u00e1rcio Coelho J\u00fanior comanda a p\u00f3s-gradua\u00e7\u00e3o \u2018on-line\u2019, em comunica\u00e7\u00e3o de marketing de clubes da Universidade Cat\u00f3lica de Santa Catarina. O curso \u00e9 focado na forma\u00e7\u00e3o de gestos no ramo do futebol.<\/p>\n<p style=\"text-align: center;\"><strong>Parab\u00e9ns<\/strong><\/p>\n<p style=\"text-align: center;\">J\u00e1 vacinado contra a Covid-19, o Rei Roberto Carlos n\u00e3o quer sabe de festa no seu anivers\u00e1rio no dia 19 de abril. Aceitar\u00e1, no m\u00e1ximo, participar de alguma r\u00e1pida apari\u00e7\u00e3o ao vivo pela TV.<\/p>\n<p style=\"text-align: center;\"><span style=\"font-size: 14pt;\"><strong>Realidade<\/strong><\/span><\/p>\n<p style=\"text-align: center;\">Estamos ha\u0301 um ano do ini\u0301cio da pandemia e a virule\u0302ncia com que o vi\u0301rus se alastra no pai\u0301s todo e a inac\u0327a\u0303o dos governos acabaram por fechar a cidade, o estado e o Brasil todo&#8230; bem que poderia ser um Fechado pra Balanc\u0327o e, na volta \u00e0 normalidade da vida, o pa\u00eds se ver livre da incompete\u0302ncia e da irresponsabilidade. (Jorge Sanglard)<\/p>\n<div id=\"attachment_179298\" style=\"width: 690px\" class=\"wp-caption aligncenter\"><img loading=\"lazy\" decoding=\"async\" aria-describedby=\"caption-attachment-179298\" class=\"wp-image-179298\" src=\"https:\/\/diarioregionaldigital.com.br\/wp-content\/uploads\/2021\/03\/fotoa-9.jpg\" alt=\"\" width=\"680\" height=\"452\" srcset=\"https:\/\/diarioregionaldigital.com.br\/wp-content\/uploads\/2021\/03\/fotoa-9.jpg 960w, https:\/\/diarioregionaldigital.com.br\/wp-content\/uploads\/2021\/03\/fotoa-9-300x199.jpg 300w, https:\/\/diarioregionaldigital.com.br\/wp-content\/uploads\/2021\/03\/fotoa-9-768x510.jpg 768w, https:\/\/diarioregionaldigital.com.br\/wp-content\/uploads\/2021\/03\/fotoa-9-360x239.jpg 360w\" sizes=\"auto, (max-width: 680px) 100vw, 680px\" \/><p id=\"caption-attachment-179298\" class=\"wp-caption-text\">Mulheres lindas e elegantes no M\u00eas Internacional da Mulher: Regina Horta e Silva ladeada das filhas Andr\u00e9a e Isabella<\/p><\/div>\n<div id=\"attachment_179300\" style=\"width: 690px\" class=\"wp-caption aligncenter\"><img loading=\"lazy\" decoding=\"async\" aria-describedby=\"caption-attachment-179300\" class=\"wp-image-179300\" src=\"https:\/\/diarioregionaldigital.com.br\/wp-content\/uploads\/2021\/03\/fotob-4-e1615521931888.jpg\" alt=\"\" width=\"680\" height=\"498\" srcset=\"https:\/\/diarioregionaldigital.com.br\/wp-content\/uploads\/2021\/03\/fotob-4-e1615521931888.jpg 1062w, https:\/\/diarioregionaldigital.com.br\/wp-content\/uploads\/2021\/03\/fotob-4-e1615521931888-300x219.jpg 300w, https:\/\/diarioregionaldigital.com.br\/wp-content\/uploads\/2021\/03\/fotob-4-e1615521931888-1024x749.jpg 1024w, https:\/\/diarioregionaldigital.com.br\/wp-content\/uploads\/2021\/03\/fotob-4-e1615521931888-768x562.jpg 768w, https:\/\/diarioregionaldigital.com.br\/wp-content\/uploads\/2021\/03\/fotob-4-e1615521931888-360x263.jpg 360w\" sizes=\"auto, (max-width: 680px) 100vw, 680px\" \/><p id=\"caption-attachment-179300\" class=\"wp-caption-text\">Flores para Nilza Venuto no M\u00eas Internacional da Mulher<\/p><\/div>\n<div id=\"attachment_179359\" style=\"width: 690px\" class=\"wp-caption aligncenter\"><img loading=\"lazy\" decoding=\"async\" aria-describedby=\"caption-attachment-179359\" class=\"wp-image-179359\" src=\"https:\/\/diarioregionaldigital.com.br\/wp-content\/uploads\/2021\/03\/fotobb-3-e1615522075507.jpeg\" alt=\"\" width=\"680\" height=\"491\" srcset=\"https:\/\/diarioregionaldigital.com.br\/wp-content\/uploads\/2021\/03\/fotobb-3-e1615522075507.jpeg 611w, https:\/\/diarioregionaldigital.com.br\/wp-content\/uploads\/2021\/03\/fotobb-3-e1615522075507-300x217.jpeg 300w, https:\/\/diarioregionaldigital.com.br\/wp-content\/uploads\/2021\/03\/fotobb-3-e1615522075507-360x260.jpeg 360w\" sizes=\"auto, (max-width: 680px) 100vw, 680px\" \/><p id=\"caption-attachment-179359\" class=\"wp-caption-text\">Joao Victor Ghedin comemora no s\u00e1bado (13) o anivers\u00e1rio de sua m\u00e3e a querida V\u00e2nia Ghedin<\/p><\/div>\n<div id=\"attachment_179299\" style=\"width: 690px\" class=\"wp-caption aligncenter\"><img loading=\"lazy\" decoding=\"async\" aria-describedby=\"caption-attachment-179299\" class=\"wp-image-179299\" src=\"https:\/\/diarioregionaldigital.com.br\/wp-content\/uploads\/2021\/03\/fotoaa-1-e1615521870377.jpg\" alt=\"\" width=\"680\" height=\"456\" srcset=\"https:\/\/diarioregionaldigital.com.br\/wp-content\/uploads\/2021\/03\/fotoaa-1-e1615521870377.jpg 1385w, https:\/\/diarioregionaldigital.com.br\/wp-content\/uploads\/2021\/03\/fotoaa-1-e1615521870377-300x201.jpg 300w, https:\/\/diarioregionaldigital.com.br\/wp-content\/uploads\/2021\/03\/fotoaa-1-e1615521870377-1024x686.jpg 1024w, https:\/\/diarioregionaldigital.com.br\/wp-content\/uploads\/2021\/03\/fotoaa-1-e1615521870377-768x515.jpg 768w, https:\/\/diarioregionaldigital.com.br\/wp-content\/uploads\/2021\/03\/fotoaa-1-e1615521870377-360x241.jpg 360w\" sizes=\"auto, (max-width: 680px) 100vw, 680px\" \/><p id=\"caption-attachment-179299\" class=\"wp-caption-text\">Andr\u00e9 Lopes e Ranato Abud ladeando a aniversariante Eridan Le\u00e3o<\/p><\/div>\n<div id=\"attachment_179302\" style=\"width: 690px\" class=\"wp-caption aligncenter\"><img loading=\"lazy\" decoding=\"async\" aria-describedby=\"caption-attachment-179302\" class=\"wp-image-179302\" src=\"https:\/\/diarioregionaldigital.com.br\/wp-content\/uploads\/2021\/03\/fotod-8-e1615522133361.jpg\" alt=\"\" width=\"680\" height=\"509\" srcset=\"https:\/\/diarioregionaldigital.com.br\/wp-content\/uploads\/2021\/03\/fotod-8-e1615522133361.jpg 526w, https:\/\/diarioregionaldigital.com.br\/wp-content\/uploads\/2021\/03\/fotod-8-e1615522133361-300x225.jpg 300w, https:\/\/diarioregionaldigital.com.br\/wp-content\/uploads\/2021\/03\/fotod-8-e1615522133361-360x270.jpg 360w\" sizes=\"auto, (max-width: 680px) 100vw, 680px\" \/><p id=\"caption-attachment-179302\" class=\"wp-caption-text\">Visitando esta coluna social, os queridos Patr\u00edcia Vargas e o jogador Rick Henrique<\/p><\/div>\n<div id=\"attachment_179303\" style=\"width: 690px\" class=\"wp-caption aligncenter\"><img loading=\"lazy\" decoding=\"async\" aria-describedby=\"caption-attachment-179303\" class=\"wp-image-179303\" src=\"https:\/\/diarioregionaldigital.com.br\/wp-content\/uploads\/2021\/03\/fotoe-6-e1615522188548.jpg\" alt=\"\" width=\"680\" height=\"518\" \/><p id=\"caption-attachment-179303\" class=\"wp-caption-text\">Casal 20 em plena harmonia, Maria do Carmo Saleme e Afonso Toledo<\/p><\/div>\n<div id=\"attachment_179304\" style=\"width: 690px\" class=\"wp-caption aligncenter\"><img loading=\"lazy\" decoding=\"async\" aria-describedby=\"caption-attachment-179304\" class=\"wp-image-179304\" src=\"https:\/\/diarioregionaldigital.com.br\/wp-content\/uploads\/2021\/03\/fotof-6-e1615522221500.jpg\" alt=\"\" width=\"680\" height=\"507\" srcset=\"https:\/\/diarioregionaldigital.com.br\/wp-content\/uploads\/2021\/03\/fotof-6-e1615522221500.jpg 620w, https:\/\/diarioregionaldigital.com.br\/wp-content\/uploads\/2021\/03\/fotof-6-e1615522221500-300x224.jpg 300w, https:\/\/diarioregionaldigital.com.br\/wp-content\/uploads\/2021\/03\/fotof-6-e1615522221500-360x268.jpg 360w\" sizes=\"auto, (max-width: 680px) 100vw, 680px\" \/><p id=\"caption-attachment-179304\" class=\"wp-caption-text\">Gente que acontece: O vereador Marlon Siqueira e Mirian N\u00e9der<\/p><\/div>\n<div id=\"attachment_179305\" style=\"width: 690px\" class=\"wp-caption aligncenter\"><img loading=\"lazy\" decoding=\"async\" aria-describedby=\"caption-attachment-179305\" class=\"wp-image-179305\" src=\"https:\/\/diarioregionaldigital.com.br\/wp-content\/uploads\/2021\/03\/fotog-6-e1615522284310.jpg\" alt=\"\" width=\"680\" height=\"477\" srcset=\"https:\/\/diarioregionaldigital.com.br\/wp-content\/uploads\/2021\/03\/fotog-6-e1615522284310.jpg 973w, https:\/\/diarioregionaldigital.com.br\/wp-content\/uploads\/2021\/03\/fotog-6-e1615522284310-300x210.jpg 300w, https:\/\/diarioregionaldigital.com.br\/wp-content\/uploads\/2021\/03\/fotog-6-e1615522284310-768x538.jpg 768w, https:\/\/diarioregionaldigital.com.br\/wp-content\/uploads\/2021\/03\/fotog-6-e1615522284310-360x252.jpg 360w, https:\/\/diarioregionaldigital.com.br\/wp-content\/uploads\/2021\/03\/fotog-6-e1615522284310-100x70.jpg 100w\" sizes=\"auto, (max-width: 680px) 100vw, 680px\" \/><p id=\"caption-attachment-179305\" class=\"wp-caption-text\">Antes da pandemia curtindo a natureza Danielle Vaccarini e o pai Jos\u00e9 L\u00facio Fernandes<\/p><\/div>\n<div id=\"attachment_179306\" style=\"width: 690px\" class=\"wp-caption aligncenter\"><img loading=\"lazy\" decoding=\"async\" aria-describedby=\"caption-attachment-179306\" class=\"wp-image-179306\" src=\"https:\/\/diarioregionaldigital.com.br\/wp-content\/uploads\/2021\/03\/fotoh-5-e1615522349187.jpg\" alt=\"\" width=\"680\" height=\"491\" srcset=\"https:\/\/diarioregionaldigital.com.br\/wp-content\/uploads\/2021\/03\/fotoh-5-e1615522349187.jpg 1080w, https:\/\/diarioregionaldigital.com.br\/wp-content\/uploads\/2021\/03\/fotoh-5-e1615522349187-300x217.jpg 300w, https:\/\/diarioregionaldigital.com.br\/wp-content\/uploads\/2021\/03\/fotoh-5-e1615522349187-1024x740.jpg 1024w, https:\/\/diarioregionaldigital.com.br\/wp-content\/uploads\/2021\/03\/fotoh-5-e1615522349187-768x555.jpg 768w, https:\/\/diarioregionaldigital.com.br\/wp-content\/uploads\/2021\/03\/fotoh-5-e1615522349187-360x260.jpg 360w\" sizes=\"auto, (max-width: 680px) 100vw, 680px\" \/><p id=\"caption-attachment-179306\" class=\"wp-caption-text\">Arquitetos premiados no Programa Ponto a Ponto promovido pelas empresa Spazio Design, Fontesville e Butterfly Tour<\/p><\/div>\n<p style=\"text-align: center;\"><strong>FOTOSS\u00cdNTESE<\/strong><\/p>\n<p>Abril vai apertar o bolso de muita gente. A conta de \u00e1gua e esgoto vai ficar mais cara com aumento linear de 0,44%. A not\u00edcia foi divulgada pela Arisb\/MG.<\/p>\n<p>Artista plural, o carioca Eduardo Maciel lan\u00e7ou o Sonet Ilustra, onde mescla soneto e desenho, trazendo reflex\u00f5es sobre temas como aquecimento global, relacionamentos e at\u00e9 a pr\u00f3pria arte de escrever.<\/p>\n<p>Bel\u00edssima a homenagem que o centen\u00e1rio jornal \u201cO Mun\u00edcipio\u201d de Bicas (MG), prestou ao saudoso Jos\u00e9 Carlos Passos (Z\u00e9 Kodak) que nasceu na simp\u00e1tica cidade biquense mas tinha Juiz de Fora como a cidade de seu cora\u00e7\u00e3o.<\/p>\n<p>Com transmiss\u00e3o simult\u00e2nea no YouTube, a Orquestra Sinf\u00f4nica Municipal de S\u00e3o Paulo deu show em sua apresenta\u00e7\u00e3o sob a reg\u00eancia do maestro Roberto Minczuk.<\/p>\n<p>Linda e talentosa, a jornalista e Miss Brasil 2019, J\u00falia Horta lan\u00e7ou a campanha \u201cAbrace suas cores- ser mulher \u00e9 ser o que quiser\u201d em comemora\u00e7\u00e3o ao M\u00eas da Mulher.<\/p>\n<p>Com sua conceituada compet\u00eancia, Jonas Mendon\u00e7a assumiu a ger\u00eancia do Independ\u00eancia Shopping.<\/p>\n<p>O fot\u00f3grafo Fernando Priamo carrega em seu trabalho o luxo contempor\u00e2neo eleg\u00e2ncia e traz uma marca e a alquimia da arte no DNA.<\/p>\n<p>Sempre charmoso e gentil, o Coronel Malbatan Leal cumpriu sua miss\u00e3o de deixou sob aplausos a chefia de comunica\u00e7\u00e3o social da 4\u00aa Brigada.<\/p>\n<p>Fazendo sucesso a linha de camisas de algod\u00e3o da linha infantil da Oficina do Terno. As estampas s\u00e3o discretas e elegantes.<\/p>\n<p>Com passos de tartaruga a vacina\u00e7\u00e3o em Juiz de Fora segue avan\u00e7ando. O problema \u00e9 a aglomera\u00e7\u00e3o.<\/p>\n<p>Aten\u00e7\u00e3o: \u201dN\u00e3o se faz omelete com o ovo ainda dentro da galinha\u201d. Bom dia.<\/p>\n<p><img loading=\"lazy\" decoding=\"async\" class=\"aligncenter size-full wp-image-179360\" src=\"https:\/\/diarioregionaldigital.com.br\/wp-content\/uploads\/2021\/03\/anuncio68-scaled.jpg\" alt=\"\" width=\"2560\" height=\"972\" srcset=\"https:\/\/diarioregionaldigital.com.br\/wp-content\/uploads\/2021\/03\/anuncio68-scaled.jpg 2560w, https:\/\/diarioregionaldigital.com.br\/wp-content\/uploads\/2021\/03\/anuncio68-300x114.jpg 300w, https:\/\/diarioregionaldigital.com.br\/wp-content\/uploads\/2021\/03\/anuncio68-1024x389.jpg 1024w, https:\/\/diarioregionaldigital.com.br\/wp-content\/uploads\/2021\/03\/anuncio68-768x292.jpg 768w, https:\/\/diarioregionaldigital.com.br\/wp-content\/uploads\/2021\/03\/anuncio68-1536x583.jpg 1536w, https:\/\/diarioregionaldigital.com.br\/wp-content\/uploads\/2021\/03\/anuncio68-2048x778.jpg 2048w, https:\/\/diarioregionaldigital.com.br\/wp-content\/uploads\/2021\/03\/anuncio68-360x137.jpg 360w\" sizes=\"auto, (max-width: 2560px) 100vw, 2560px\" \/><\/p>\n","protected":false},"excerpt":{"rendered":"<p>Aux\u00edlio Em pesquisa feita em todo o Brasil pela Ipec nada mais que 92% dos brasileiros acham que o aux\u00edlio emergencial \u201cdeveria ser pago at\u00e9 a situa\u00e7\u00e3o econ\u00f4mica voltar ao normal\u201d. N\u00e3o \u00e9 uma boa not\u00edcia para a equipe econ\u00f4mica que teria que conviver por 4 meses com a extens\u00e3o do Coronavoucher. Rosquinhas Os cupcakes [&hellip;]<\/p>\n","protected":false},"author":96,"featured_media":179298,"comment_status":"closed","ping_status":"closed","sticky":false,"template":"","format":"standard","meta":{"footnotes":""},"categories":[264],"tags":[],"class_list":["post-179358","post","type-post","status-publish","format-standard","has-post-thumbnail","hentry","category-eduardo-gomes"],"_links":{"self":[{"href":"https:\/\/diarioregionaldigital.com.br\/index.php?rest_route=\/wp\/v2\/posts\/179358","targetHints":{"allow":["GET"]}}],"collection":[{"href":"https:\/\/diarioregionaldigital.com.br\/index.php?rest_route=\/wp\/v2\/posts"}],"about":[{"href":"https:\/\/diarioregionaldigital.com.br\/index.php?rest_route=\/wp\/v2\/types\/post"}],"author":[{"embeddable":true,"href":"https:\/\/diarioregionaldigital.com.br\/index.php?rest_route=\/wp\/v2\/users\/96"}],"replies":[{"embeddable":true,"href":"https:\/\/diarioregionaldigital.com.br\/index.php?rest_route=%2Fwp%2Fv2%2Fcomments&post=179358"}],"version-history":[{"count":0,"href":"https:\/\/diarioregionaldigital.com.br\/index.php?rest_route=\/wp\/v2\/posts\/179358\/revisions"}],"wp:featuredmedia":[{"embeddable":true,"href":"https:\/\/diarioregionaldigital.com.br\/index.php?rest_route=\/wp\/v2\/media\/179298"}],"wp:attachment":[{"href":"https:\/\/diarioregionaldigital.com.br\/index.php?rest_route=%2Fwp%2Fv2%2Fmedia&parent=179358"}],"wp:term":[{"taxonomy":"category","embeddable":true,"href":"https:\/\/diarioregionaldigital.com.br\/index.php?rest_route=%2Fwp%2Fv2%2Fcategories&post=179358"},{"taxonomy":"post_tag","embeddable":true,"href":"https:\/\/diarioregionaldigital.com.br\/index.php?rest_route=%2Fwp%2Fv2%2Ftags&post=179358"}],"curies":[{"name":"wp","href":"https:\/\/api.w.org\/{rel}","templated":true}]}}