{"id":179191,"date":"2021-03-09T18:45:43","date_gmt":"2021-03-09T21:45:43","guid":{"rendered":"https:\/\/diarioregionaldigital.com.br\/?p=179191"},"modified":"2021-03-09T18:45:43","modified_gmt":"2021-03-09T21:45:43","slug":"partida-entre-tupi-x-serra-es-nao-sera-realizada-no-estadio-municipal","status":"publish","type":"post","link":"https:\/\/diarioregionaldigital.com.br\/?p=179191","title":{"rendered":"Partida entre Tupi x Serra-ES n\u00e3o ser\u00e1 realizada no Est\u00e1dio Municipal"},"content":{"rendered":"<p><span style=\"font-weight: 400;\">\u00a0O jogo entre Tupi x Serra-ES, pela Copa do Brasil Sub-20, n\u00e3o ser\u00e1 realizado em Juiz de Fora. A partida aconteceria no Est\u00e1dio Municipal Radialista M\u00e1rio Hel\u00eanio, nesta quarta-feira, dia 10, \u00e0s 15h e, de acordo com a Faixa Roxa do Programa Municipal de Enfrentamento \u00e0 Covid-19, somente servi\u00e7os essenciais podem funcionar. A Prefeitura de Juiz de Fora restringiu atividades para conter o avan\u00e7o da doen\u00e7a e as medidas, v\u00e1lidas a partir desta segunda-feira, 8, pro\u00edbem quaisquer atividades coletivas ou que impliquem em aglomera\u00e7\u00e3o de pessoas.<\/span><\/p>\n<p>&nbsp;<\/p>\n<p><span style=\"font-weight: 400;\">Segundo o secreta\u0301rio de Esporte e Lazer da Prefeitura de Juiz de Fora (PJF), Marcelo Matta, &#8220;tivemos que cancelar o jogo por conta do aumento no n\u00famero de casos de Covid e, em conseque\u0302ncia do decreto assinado, determinando a faixa roxa na cidade. O esta\u0301dio estara\u0301 sempre \u00e0 disposic\u0327a\u0303o para atender os clubes da regia\u0303o, mas a prioridade agora e\u0301 a sau\u0301de\u201d.<\/span><\/p>\n<p>&nbsp;<\/p>\n<p><span style=\"font-weight: 400;\">O Tupi, mandante do jogo, e\u0301 o responsa\u0301vel por enviar \u00e0 Confederac\u0327a\u0303o Brasileira de Futebol (CBF) o pedido de adiamento do jogo ou determinar um novo local para a partida.<\/p>\n<p>Fonte: Assessoria<br \/>\n<\/span><\/p>\n","protected":false},"excerpt":{"rendered":"<p>\u00a0O jogo entre Tupi x Serra-ES, pela Copa do Brasil Sub-20, n\u00e3o ser\u00e1 realizado em Juiz de Fora. A partida aconteceria no Est\u00e1dio Municipal Radialista M\u00e1rio Hel\u00eanio, nesta quarta-feira, dia 10, \u00e0s 15h e, de acordo com a Faixa Roxa do Programa Municipal de Enfrentamento \u00e0 Covid-19, somente servi\u00e7os essenciais podem funcionar. A Prefeitura de [&hellip;]<\/p>\n","protected":false},"author":246,"featured_media":179192,"comment_status":"closed","ping_status":"closed","sticky":false,"template":"","format":"standard","meta":{"footnotes":""},"categories":[257,439],"tags":[],"class_list":["post-179191","post","type-post","status-publish","format-standard","has-post-thumbnail","hentry","category-esporte","category-ultima-hora"],"_links":{"self":[{"href":"https:\/\/diarioregionaldigital.com.br\/index.php?rest_route=\/wp\/v2\/posts\/179191","targetHints":{"allow":["GET"]}}],"collection":[{"href":"https:\/\/diarioregionaldigital.com.br\/index.php?rest_route=\/wp\/v2\/posts"}],"about":[{"href":"https:\/\/diarioregionaldigital.com.br\/index.php?rest_route=\/wp\/v2\/types\/post"}],"author":[{"embeddable":true,"href":"https:\/\/diarioregionaldigital.com.br\/index.php?rest_route=\/wp\/v2\/users\/246"}],"replies":[{"embeddable":true,"href":"https:\/\/diarioregionaldigital.com.br\/index.php?rest_route=%2Fwp%2Fv2%2Fcomments&post=179191"}],"version-history":[{"count":0,"href":"https:\/\/diarioregionaldigital.com.br\/index.php?rest_route=\/wp\/v2\/posts\/179191\/revisions"}],"wp:featuredmedia":[{"embeddable":true,"href":"https:\/\/diarioregionaldigital.com.br\/index.php?rest_route=\/wp\/v2\/media\/179192"}],"wp:attachment":[{"href":"https:\/\/diarioregionaldigital.com.br\/index.php?rest_route=%2Fwp%2Fv2%2Fmedia&parent=179191"}],"wp:term":[{"taxonomy":"category","embeddable":true,"href":"https:\/\/diarioregionaldigital.com.br\/index.php?rest_route=%2Fwp%2Fv2%2Fcategories&post=179191"},{"taxonomy":"post_tag","embeddable":true,"href":"https:\/\/diarioregionaldigital.com.br\/index.php?rest_route=%2Fwp%2Fv2%2Ftags&post=179191"}],"curies":[{"name":"wp","href":"https:\/\/api.w.org\/{rel}","templated":true}]}}