{"id":179185,"date":"2021-03-09T18:27:10","date_gmt":"2021-03-09T21:27:10","guid":{"rendered":"https:\/\/diarioregionaldigital.com.br\/?p=179185"},"modified":"2021-03-09T18:27:10","modified_gmt":"2021-03-09T21:27:10","slug":"fiscalizacao-da-pjf-vistoria-quase-300-estabelecimentos-no-primeiro-dia-de-lockdown","status":"publish","type":"post","link":"https:\/\/diarioregionaldigital.com.br\/?p=179185","title":{"rendered":"Fiscaliza\u00e7\u00e3o da PJF vistoria quase 300 estabelecimentos no primeiro dia de lockdown"},"content":{"rendered":"<p>Com o avan\u00e7o da pandemia em Juiz de Fora, foi estabelecido lockdown de uma semana no munic\u00edpio. O objetivo \u00e9 reduzir a prolifera\u00e7\u00e3o do v\u00edrus e o aumento do n\u00famero de casos e v\u00edtimas. Nesta segunda-feira, 8, a equipe de fiscaliza\u00e7\u00e3o da Prefeitura de Juiz de Fora (PJF) vistoriou estabelecimentos a fim de coibir a abertura de com\u00e9rcios e atividades n\u00e3o permitidas pelo decreto.<\/p>\n<p>Sob coordena\u00e7\u00e3o da secret\u00e1ria de Governo, Cidinha Louzada, a PJF realizou um trabalho conjunto atrav\u00e9s da opera\u00e7\u00e3o \u201cFiscaliza\u00e7\u00e3o pela Vida\u201d, que conta com a atua\u00e7\u00e3o dos Fiscais de Posturas da Secretaria de Sustentabilidade em Meio Ambiente e Atividades Urbanas (Sesmaur); dos Guardas Municipais da Secretaria de Seguran\u00e7a Urbana e Cidadania (Sesuc); e dos agentes de transporte e tr\u00e2nsito da Secretaria de Mobilidade Urbana (SMU). A a\u00e7\u00e3o tamb\u00e9m tem como parceira a Ag\u00eancia de Prote\u00e7\u00e3o e Defesa do Consumidor de Juiz de Fora (Procon).<\/p>\n<p>Mais de cem lojas foram fiscalizadas pelo Procon e a opera\u00e7\u00e3o \u201cFiscaliza\u00e7\u00e3o pela Vida\u201d forneceu orienta\u00e7\u00e3o para 179 comerciantes. Durante as vistorias, um restaurante foi interditado. Al\u00e9m disso, os agentes de transporte e tr\u00e2nsito da SMU abordaram 221 ve\u00edculos de transporte coletivo para fiscalizar a lota\u00e7\u00e3o dos \u00f4nibus e o cumprimento dos quadros de hor\u00e1rios.<\/p>\n<p>O Procon tamb\u00e9m realizou 12 vistorias em ag\u00eancias banc\u00e1rias no primeiro dia de lockdown. Em uma das ag\u00eancias, foi constatado que o tempo m\u00e1ximo para atendimento estava sendo estendido e que os consumidores n\u00e3o estavam sendo orientados sobre o distanciamento social na fila de atendimento no exterior da ag\u00eancia. Portanto, dois autos de infra\u00e7\u00e3o foram emitidos. O \u00f3rg\u00e3o fiscalizou, ainda, sete supermercados e emitiu dois autos de infra\u00e7\u00e3o por aus\u00eancia de controle de entrada.<\/p>\n<p>Fonte: Assessoria<\/p>\n","protected":false},"excerpt":{"rendered":"<p>Com o avan\u00e7o da pandemia em Juiz de Fora, foi estabelecido lockdown de uma semana no munic\u00edpio. O objetivo \u00e9 reduzir a prolifera\u00e7\u00e3o do v\u00edrus e o aumento do n\u00famero de casos e v\u00edtimas. Nesta segunda-feira, 8, a equipe de fiscaliza\u00e7\u00e3o da Prefeitura de Juiz de Fora (PJF) vistoriou estabelecimentos a fim de coibir a [&hellip;]<\/p>\n","protected":false},"author":246,"featured_media":179186,"comment_status":"closed","ping_status":"closed","sticky":false,"template":"","format":"standard","meta":{"footnotes":""},"categories":[253,436,440,439],"tags":[],"class_list":["post-179185","post","type-post","status-publish","format-standard","has-post-thumbnail","hentry","category-cidade","category-destaque-da-semana","category-destaques-do-dia","category-ultima-hora"],"_links":{"self":[{"href":"https:\/\/diarioregionaldigital.com.br\/index.php?rest_route=\/wp\/v2\/posts\/179185","targetHints":{"allow":["GET"]}}],"collection":[{"href":"https:\/\/diarioregionaldigital.com.br\/index.php?rest_route=\/wp\/v2\/posts"}],"about":[{"href":"https:\/\/diarioregionaldigital.com.br\/index.php?rest_route=\/wp\/v2\/types\/post"}],"author":[{"embeddable":true,"href":"https:\/\/diarioregionaldigital.com.br\/index.php?rest_route=\/wp\/v2\/users\/246"}],"replies":[{"embeddable":true,"href":"https:\/\/diarioregionaldigital.com.br\/index.php?rest_route=%2Fwp%2Fv2%2Fcomments&post=179185"}],"version-history":[{"count":0,"href":"https:\/\/diarioregionaldigital.com.br\/index.php?rest_route=\/wp\/v2\/posts\/179185\/revisions"}],"wp:featuredmedia":[{"embeddable":true,"href":"https:\/\/diarioregionaldigital.com.br\/index.php?rest_route=\/wp\/v2\/media\/179186"}],"wp:attachment":[{"href":"https:\/\/diarioregionaldigital.com.br\/index.php?rest_route=%2Fwp%2Fv2%2Fmedia&parent=179185"}],"wp:term":[{"taxonomy":"category","embeddable":true,"href":"https:\/\/diarioregionaldigital.com.br\/index.php?rest_route=%2Fwp%2Fv2%2Fcategories&post=179185"},{"taxonomy":"post_tag","embeddable":true,"href":"https:\/\/diarioregionaldigital.com.br\/index.php?rest_route=%2Fwp%2Fv2%2Ftags&post=179185"}],"curies":[{"name":"wp","href":"https:\/\/api.w.org\/{rel}","templated":true}]}}