{"id":179182,"date":"2021-03-09T18:20:07","date_gmt":"2021-03-09T21:20:07","guid":{"rendered":"https:\/\/diarioregionaldigital.com.br\/?p=179182"},"modified":"2021-03-09T18:20:07","modified_gmt":"2021-03-09T21:20:07","slug":"sepultamentos-no-cemiterio-municipal-aumentam-35-em-relacao-ao-mesmo-periodo-dos-anos-anteriores","status":"publish","type":"post","link":"https:\/\/diarioregionaldigital.com.br\/?p=179182","title":{"rendered":"Sepultamentos no Cemit\u00e9rio Municipal aumentam 35% em rela\u00e7\u00e3o ao mesmo per\u00edodo dos anos anteriores"},"content":{"rendered":"<p>Conforme dados do Portal da Transpar\u00eancia de registro civil, em Juiz de Fora, foram registrados 1.016 \u00f3bitos nos dois primeiros meses deste ano. No ano passado, no mesmo per\u00edodo, foram 725 \u00f3bitos, um aumento de mais de 40% no n\u00famero de registros de falecimentos.<\/p>\n<p>Esse aumento reflete nos n\u00fameros de sepultamentos do Cemit\u00e9rio Municipal Nossa Senhora Aparecida, da Prefeitura de Juiz de Fora (PJF). Comparando com come\u00e7o dos quatro \u00faltimos anos pr\u00e9-pandemia (entre os anos 2017 e 2020), o acr\u00e9scimo no n\u00famero de sepultamentos saltou de uma m\u00e9dia de 360 enterros nos dois primeiros meses para 489 sepultamentos em janeiro e fevereiro de 2021, o que representa um aumento de 35,83% em rela\u00e7\u00e3o ao mesmo per\u00edodo do quadri\u00eanio anterior.<\/p>\n<p>Dos 489 sepultamentos realizados no Cemit\u00e9rio Municipal, nos dois primeiros meses deste ano, 180 foram de pessoas falecidas por conta da Covid-19, 36,81% do total. O cemit\u00e9rio tem se preparado para momentos como estes, trabalhando para aumentar sua capacidade. Seis covas rasas extras est\u00e3o sendo abertas diariamente para suprir a demanda.<\/p>\n<p>Atualmente, o Cemit\u00e9rio Municipal tem capacidade para fazer todos os atendimentos, por\u00e9m, a atua\u00e7\u00e3o da Prefeitura de Juiz de Fora vem sendo de suma import\u00e2ncia n\u00e3o s\u00f3 para evitar a exaust\u00e3o do sistema funer\u00e1rio como, principalmente, para evitar maiores problemas no atendimento hospitalar aos contaminados.<\/p>\n<p>Fonte: Assessoria<\/p>\n","protected":false},"excerpt":{"rendered":"<p>Conforme dados do Portal da Transpar\u00eancia de registro civil, em Juiz de Fora, foram registrados 1.016 \u00f3bitos nos dois primeiros meses deste ano. No ano passado, no mesmo per\u00edodo, foram 725 \u00f3bitos, um aumento de mais de 40% no n\u00famero de registros de falecimentos. Esse aumento reflete nos n\u00fameros de sepultamentos do Cemit\u00e9rio Municipal Nossa [&hellip;]<\/p>\n","protected":false},"author":246,"featured_media":179183,"comment_status":"closed","ping_status":"closed","sticky":false,"template":"","format":"standard","meta":{"footnotes":""},"categories":[253,436,440,439],"tags":[],"class_list":["post-179182","post","type-post","status-publish","format-standard","has-post-thumbnail","hentry","category-cidade","category-destaque-da-semana","category-destaques-do-dia","category-ultima-hora"],"_links":{"self":[{"href":"https:\/\/diarioregionaldigital.com.br\/index.php?rest_route=\/wp\/v2\/posts\/179182","targetHints":{"allow":["GET"]}}],"collection":[{"href":"https:\/\/diarioregionaldigital.com.br\/index.php?rest_route=\/wp\/v2\/posts"}],"about":[{"href":"https:\/\/diarioregionaldigital.com.br\/index.php?rest_route=\/wp\/v2\/types\/post"}],"author":[{"embeddable":true,"href":"https:\/\/diarioregionaldigital.com.br\/index.php?rest_route=\/wp\/v2\/users\/246"}],"replies":[{"embeddable":true,"href":"https:\/\/diarioregionaldigital.com.br\/index.php?rest_route=%2Fwp%2Fv2%2Fcomments&post=179182"}],"version-history":[{"count":0,"href":"https:\/\/diarioregionaldigital.com.br\/index.php?rest_route=\/wp\/v2\/posts\/179182\/revisions"}],"wp:featuredmedia":[{"embeddable":true,"href":"https:\/\/diarioregionaldigital.com.br\/index.php?rest_route=\/wp\/v2\/media\/179183"}],"wp:attachment":[{"href":"https:\/\/diarioregionaldigital.com.br\/index.php?rest_route=%2Fwp%2Fv2%2Fmedia&parent=179182"}],"wp:term":[{"taxonomy":"category","embeddable":true,"href":"https:\/\/diarioregionaldigital.com.br\/index.php?rest_route=%2Fwp%2Fv2%2Fcategories&post=179182"},{"taxonomy":"post_tag","embeddable":true,"href":"https:\/\/diarioregionaldigital.com.br\/index.php?rest_route=%2Fwp%2Fv2%2Ftags&post=179182"}],"curies":[{"name":"wp","href":"https:\/\/api.w.org\/{rel}","templated":true}]}}