{"id":179127,"date":"2021-03-08T18:43:18","date_gmt":"2021-03-08T21:43:18","guid":{"rendered":"https:\/\/diarioregionaldigital.com.br\/?p=179127"},"modified":"2021-03-08T18:43:18","modified_gmt":"2021-03-08T21:43:18","slug":"revelacao-no-futebol-de-5-lucas-tem-idolo-ricardinho-como-colega-e-ja-integra-selecao-brasileira-principal","status":"publish","type":"post","link":"https:\/\/diarioregionaldigital.com.br\/?p=179127","title":{"rendered":"Revela\u00e7\u00e3o no futebol de 5, Lucas tem \u00eddolo Ricardinho como colega e j\u00e1 integra Sele\u00e7\u00e3o Brasileira principal"},"content":{"rendered":"<p>Entre os atletas que participam da Sele\u00e7\u00e3o Brasileira de futebol de 5 atualmente, h\u00e1 um jovem que ainda n\u00e3o vestiu a camisa da equipe principal em uma competi\u00e7\u00e3o oficial. O paraibano Lucas Caetano, de 19 anos, treinava com o time nacional sub-23 quando foi convocado para treinar com a equipe tetracampe\u00e3 paral\u00edmpica pela primeira vez.<\/p>\n<p>O jovem atleta tem treinado com a Sele\u00e7\u00e3o de futebol de 5 em 2021. E, entre seus colegas de time, o ent\u00e3o \u00eddolo Ricardinho, tricampe\u00e3o paral\u00edmpico, foi um dos jogadores que acabou tornando-se mais pr\u00f3ximo de Lucas fora do campo.<\/p>\n<p>\u201cEu nem acreditei quando fui convocado. A ficha demorou a cair ainda mais em um ano de Jogos Paral\u00edmpicos. \u00c9 um momento de aprendizado estar com caras multicampe\u00f5es, cheios de t\u00edtulos paral\u00edmpicos e mundiais, uma bagagem muito grande e eles me ajudam em tudo que podem\u201d, relatou Lucas.<\/p>\n<p>Lucas afirma ainda se sentir uma pessoa privilegiada ao ter como colega de equipe um atleta que foi eleito o melhor jogador do mundo da modalidade tr\u00eas vezes. E o novato j\u00e1 tem recebido as primeiras orienta\u00e7\u00f5es do \u00eddolo.<\/p>\n<p>\u201cPelo que eu percebi, Lucas \u00e9 um rapaz bem centrado e que quer consolidar uma carreira no futebol de 5. A gente tem conversado bastante e, nessa troca de experi\u00eancias, eu tento passar para ele algumas coisas que aprendi ao longo dos meus mais de 15 anos de Sele\u00e7\u00e3o. Ningu\u00e9m nasce sabendo e, quando eu cheguei aqui, tive pessoas que me ensinaram e a vida tamb\u00e9m ensina. Se ele souber escutar o que eu e outros atletas mais experientes passamos para ele, vai trilhar alguns caminhos com mais facilidade. Mas tudo depende do esfor\u00e7o dele. Se ele est\u00e1 aqui treinando com a Sele\u00e7\u00e3o principal, \u00e9 m\u00e9rito dele\u201d, disse o ala ga\u00facho de 32 anos.<\/p>\n<p>Natural de Sousa, na Para\u00edba, Lucas perdeu a vis\u00e3o devido a um glaucoma cong\u00eanito. Quem apresentou o futebol de 5 para ele foi seu pai, que tamb\u00e9m \u00e9 cego, Luciano Caetano. Desde os 14 anos, o paraibano compete pela modalidade. Em 2017, foi\u00a0<a href=\"https:\/\/www.cpb.org.br\/noticia\/detalhe\/1504\/brasil-tem-sexta-feira-com-ouro-no-futebol-de-5-e-em-mais-sete-modalidades-no-parapan-de-jovens\" target=\"_blank\" rel=\"noopener\"><u><strong>campe\u00e3o com a Sele\u00e7\u00e3o juvenil dos Jogos Parapan-Americanos de Jovens<\/strong><\/u><\/a>, que foram realizados no CT Paral\u00edmpico, em S\u00e3o Paulo. No ano seguinte, passou a treinar com a Sele\u00e7\u00e3o Brasileira sub-23<\/p>\n<p>\u201cEstou muito feliz por estar treinando com a equipe principal em prepara\u00e7\u00e3o para mais um Jogos Paral\u00edmpicos. O F\u00e1bio [t\u00e9cnico da Sele\u00e7\u00e3o de futebol de 5] valoriza a renova\u00e7\u00e3o da equipe. Notei a grande qualidade t\u00e9cnica, for\u00e7a e velocidade dos jogadores. Antes eu falava com o Ricardo e n\u00e3o tinha perspectiva nenhuma e hoje estou aqui com ele no mesmo time. Quero ajudar o m\u00e1ximo poss\u00edvel a nossa Sele\u00e7\u00e3o\u201d, completou Lucas.<\/p>\n<p>A Sele\u00e7\u00e3o de futebol de 5 tem vaga garantida nos Jogos Paral\u00edmpicos de T\u00f3quio 2020, que ocorrer\u00e3o em agosto de 2021. A equipe garantiu sua participa\u00e7\u00e3o no Jap\u00e3o ao ser campe\u00e3 do Mundial de Madri, em junho de 2018.<\/p>\n<p>Fonte: CPB<\/p>\n","protected":false},"excerpt":{"rendered":"<p>Entre os atletas que participam da Sele\u00e7\u00e3o Brasileira de futebol de 5 atualmente, h\u00e1 um jovem que ainda n\u00e3o vestiu a camisa da equipe principal em uma competi\u00e7\u00e3o oficial. O paraibano Lucas Caetano, de 19 anos, treinava com o time nacional sub-23 quando foi convocado para treinar com a equipe tetracampe\u00e3 paral\u00edmpica pela primeira vez. [&hellip;]<\/p>\n","protected":false},"author":246,"featured_media":179128,"comment_status":"closed","ping_status":"closed","sticky":false,"template":"","format":"standard","meta":{"footnotes":""},"categories":[257],"tags":[],"class_list":["post-179127","post","type-post","status-publish","format-standard","has-post-thumbnail","hentry","category-esporte"],"_links":{"self":[{"href":"https:\/\/diarioregionaldigital.com.br\/index.php?rest_route=\/wp\/v2\/posts\/179127","targetHints":{"allow":["GET"]}}],"collection":[{"href":"https:\/\/diarioregionaldigital.com.br\/index.php?rest_route=\/wp\/v2\/posts"}],"about":[{"href":"https:\/\/diarioregionaldigital.com.br\/index.php?rest_route=\/wp\/v2\/types\/post"}],"author":[{"embeddable":true,"href":"https:\/\/diarioregionaldigital.com.br\/index.php?rest_route=\/wp\/v2\/users\/246"}],"replies":[{"embeddable":true,"href":"https:\/\/diarioregionaldigital.com.br\/index.php?rest_route=%2Fwp%2Fv2%2Fcomments&post=179127"}],"version-history":[{"count":0,"href":"https:\/\/diarioregionaldigital.com.br\/index.php?rest_route=\/wp\/v2\/posts\/179127\/revisions"}],"wp:featuredmedia":[{"embeddable":true,"href":"https:\/\/diarioregionaldigital.com.br\/index.php?rest_route=\/wp\/v2\/media\/179128"}],"wp:attachment":[{"href":"https:\/\/diarioregionaldigital.com.br\/index.php?rest_route=%2Fwp%2Fv2%2Fmedia&parent=179127"}],"wp:term":[{"taxonomy":"category","embeddable":true,"href":"https:\/\/diarioregionaldigital.com.br\/index.php?rest_route=%2Fwp%2Fv2%2Fcategories&post=179127"},{"taxonomy":"post_tag","embeddable":true,"href":"https:\/\/diarioregionaldigital.com.br\/index.php?rest_route=%2Fwp%2Fv2%2Ftags&post=179127"}],"curies":[{"name":"wp","href":"https:\/\/api.w.org\/{rel}","templated":true}]}}