{"id":179121,"date":"2021-03-08T18:23:12","date_gmt":"2021-03-08T21:23:12","guid":{"rendered":"https:\/\/diarioregionaldigital.com.br\/?p=179121"},"modified":"2021-03-08T18:27:43","modified_gmt":"2021-03-08T21:27:43","slug":"feiras-sao-suspensas-a-partir-desta-segunda-feira","status":"publish","type":"post","link":"https:\/\/diarioregionaldigital.com.br\/?p=179121","title":{"rendered":"Feiras s\u00e3o suspensas a partir desta segunda-feira"},"content":{"rendered":"<p>As feiras livres de Juiz de Fora, bem como a Feira da Agricultura Familiar, foram suspensas a partir desta segunda-feira, 8, com o objetivo de evitar aglomera\u00e7\u00f5es e conter os avan\u00e7os da Covid-19 em Juiz de Fora. A venda de alimentos para consumo domiciliar, poder\u00e1 ser feita, exclusivamente, por delivery.<\/p>\n<p>A decis\u00e3o foi tomada ap\u00f3s o an\u00fancio da prefeita Margarida Salom\u00e3o, na manh\u00e3 do \u00faltimo domingo, 7, sobre o fechamento de todas as atividades p\u00fablicas consideradas n\u00e3o essenciais, mantendo em funcionamento apenas aquelas que s\u00e3o estritamente imprescind\u00edveis, como farm\u00e1cias, supermercados, padarias e bancos.<\/p>\n<p>O decreto municipal regulamentando as restri\u00e7\u00f5es passaram a valer a partir das 0h de segunda-feira e ter\u00e1 validade de uma semana, at\u00e9 que novas decis\u00f5es sejam tomadas.<\/p>\n<p>A Secretaria de Agricultura, Pecu\u00e1ria e Abastecimento (Seapa), da Prefeitura de Juiz de Fora (PJF), destaca que, ainda que as feiras livres ocorram em locais abertos, n\u00e3o \u00e9 poss\u00edvel fazer o controle de fluxo de pessoas nos espa\u00e7os onde elas s\u00e3o realizadas.<\/p>\n<p><b>Feira de Mulheres Produtoras e Agricultoras de JF<\/b><\/p>\n<p>A \u201cFeira de Mulheres Produtoras e Agricultoras de JF\u201d que estava programada para acontecer em quatro segundas-feiras do m\u00eas de mar\u00e7o, tamb\u00e9m foi suspensa.<\/p>\n<p>Fonte: Assessoria<\/p>\n","protected":false},"excerpt":{"rendered":"<p>As feiras livres de Juiz de Fora, bem como a Feira da Agricultura Familiar, foram suspensas a partir desta segunda-feira, 8, com o objetivo de evitar aglomera\u00e7\u00f5es e conter os avan\u00e7os da Covid-19 em Juiz de Fora. A venda de alimentos para consumo domiciliar, poder\u00e1 ser feita, exclusivamente, por delivery. A decis\u00e3o foi tomada ap\u00f3s [&hellip;]<\/p>\n","protected":false},"author":246,"featured_media":179122,"comment_status":"closed","ping_status":"closed","sticky":false,"template":"","format":"standard","meta":{"footnotes":""},"categories":[253,439],"tags":[],"class_list":["post-179121","post","type-post","status-publish","format-standard","has-post-thumbnail","hentry","category-cidade","category-ultima-hora"],"_links":{"self":[{"href":"https:\/\/diarioregionaldigital.com.br\/index.php?rest_route=\/wp\/v2\/posts\/179121","targetHints":{"allow":["GET"]}}],"collection":[{"href":"https:\/\/diarioregionaldigital.com.br\/index.php?rest_route=\/wp\/v2\/posts"}],"about":[{"href":"https:\/\/diarioregionaldigital.com.br\/index.php?rest_route=\/wp\/v2\/types\/post"}],"author":[{"embeddable":true,"href":"https:\/\/diarioregionaldigital.com.br\/index.php?rest_route=\/wp\/v2\/users\/246"}],"replies":[{"embeddable":true,"href":"https:\/\/diarioregionaldigital.com.br\/index.php?rest_route=%2Fwp%2Fv2%2Fcomments&post=179121"}],"version-history":[{"count":0,"href":"https:\/\/diarioregionaldigital.com.br\/index.php?rest_route=\/wp\/v2\/posts\/179121\/revisions"}],"wp:featuredmedia":[{"embeddable":true,"href":"https:\/\/diarioregionaldigital.com.br\/index.php?rest_route=\/wp\/v2\/media\/179122"}],"wp:attachment":[{"href":"https:\/\/diarioregionaldigital.com.br\/index.php?rest_route=%2Fwp%2Fv2%2Fmedia&parent=179121"}],"wp:term":[{"taxonomy":"category","embeddable":true,"href":"https:\/\/diarioregionaldigital.com.br\/index.php?rest_route=%2Fwp%2Fv2%2Fcategories&post=179121"},{"taxonomy":"post_tag","embeddable":true,"href":"https:\/\/diarioregionaldigital.com.br\/index.php?rest_route=%2Fwp%2Fv2%2Ftags&post=179121"}],"curies":[{"name":"wp","href":"https:\/\/api.w.org\/{rel}","templated":true}]}}