{"id":179118,"date":"2021-03-08T18:16:30","date_gmt":"2021-03-08T21:16:30","guid":{"rendered":"https:\/\/diarioregionaldigital.com.br\/?p=179118"},"modified":"2021-03-08T18:16:30","modified_gmt":"2021-03-08T21:16:30","slug":"pjf-mantem-cronograma-de-vacinacao-durante-faixa-roxa","status":"publish","type":"post","link":"https:\/\/diarioregionaldigital.com.br\/?p=179118","title":{"rendered":"PJF mant\u00e9m cronograma de vacina\u00e7\u00e3o durante Faixa Roxa"},"content":{"rendered":"<p>Os idosos de 85 anos ou mais podem se imunizar a partir desta segunda-feira, 8, no Departamento de Sa\u00fade do Idosos (DSI) e em sete Unidades B\u00e1sicas de Sa\u00fade (UBSs) do munic\u00edpio. A vacina\u00e7\u00e3o dos profissionais de sa\u00fade de 50 anos ou mais que est\u00e3o na ativa, come\u00e7a nesta ter\u00e7a-feira, 9, no drive-thru montado no estacionamento da Faculdade de Educa\u00e7\u00e3o da Universidade Federal de Juiz de Fora. A partir de quarta-feira, 10, ser\u00e1 iniciada a imuniza\u00e7\u00e3o de idosos de 84 anos. Confira as informa\u00e7\u00f5es da semana:<\/p>\n<p><b>Segunda-feira, 8 de mar\u00e7o:\u00a0<\/b>vacina\u00e7\u00e3o de idosos com 85 anos ou mais no Departamento de Sa\u00fade do Idoso (DSI) e nas sete UBSs que contemplam o programa de imuniza\u00e7\u00e3o.<\/p>\n<p><b>Ter\u00e7a-feira, 9 de mar\u00e7o:\u00a0<\/b>vacina\u00e7\u00e3o de idosos com 85 anos ou mais no Departamento de Sa\u00fade do Idoso e nas sete UBSs que contemplam o programa de imuniza\u00e7\u00e3o. In\u00edcio da vacina\u00e7\u00e3o de profissionais da sa\u00fade ativos acima de 50 anos no drive-thru da Universidade Federal de Juiz de Fora (UFJF).<\/p>\n<p><b>Quarta-feira, 10 de mar\u00e7o:\u00a0<\/b>drive-thru no estacionamento da Faculdade de Educa\u00e7\u00e3o, no Campus da Universidade Federal de Juiz de Fora (idosos a partir de 84 anos); vacina\u00e7\u00e3o de profissionais da sa\u00fade ativos acima de 50 anos acontece nas sete UBSs.<\/p>\n<p><b>Quinta-feira, 11 de mar\u00e7o:\u00a0<\/b>vacina\u00e7\u00e3o de idosos com 84 anos ou mais no Departamento de Sa\u00fade do Idoso e nas sete UBSs que contemplam o programa de imuniza\u00e7\u00e3o. Vacina\u00e7\u00e3o de profissionais da sa\u00fade ativos acima de 50 anos nas sete UBSs.<\/p>\n<p><b>Sexta-feira, 12 de mar\u00e7o:\u00a0<\/b>vacina\u00e7\u00e3o de idosos com 84 anos ou mais no Departamento de Sa\u00fade do Idoso e nas sete UBSs que contemplam o programa de imuniza\u00e7\u00e3o. Vacina\u00e7\u00e3o de profissionais da sa\u00fade ativos acima de 50 anos nas sete UBSs.<\/p>\n<p><b>PR\u00c9-CADASTRAMENTO PARA A VACINA\u00c7\u00c3O: QUEM DEVE FAZER?<\/b><br \/>\nIdosos de 82 anos ou mais e os profissionais de sa\u00fade a partir dos 50 anos que estejam na ativa devem realizar o pr\u00e9-cadastro dispon\u00edvel no site da Prefeitura de Juiz de Fora.<\/p>\n<p><b>O QUE PRECISA LEVAR?<\/b><br \/>\nIdosos: Os idosos devem apresentar (original e c\u00f3pia) da identidade com foto e do comprovante de resid\u00eancia do cidad\u00e3o ou cidad\u00e3 a ser vacinado. Caso o comprovante n\u00e3o esteja em nome do idoso, ser\u00e1 necess\u00e1rio apresentar uma declara\u00e7\u00e3o por escrito do titular da resid\u00eancia, declarando que a pessoa com mais de 85 anos reside no local.<\/p>\n<p>Profissionais de sa\u00fade em atividade com 50 anos ou mais: Todos os profissionais de sa\u00fade dever\u00e3o apresentar documento (original e c\u00f3pia) da carteira de registro do Conselho de Classe e tamb\u00e9m um documento que comprove a vincula\u00e7\u00e3o ativa do trabalhador com servi\u00e7o de sa\u00fade ou apresenta\u00e7\u00e3o de declara\u00e7\u00e3o emitida pelo servi\u00e7o de sa\u00fade.<\/p>\n<p><b>IMPRESS\u00c3O DO FORMUL\u00c1RIO<\/b><\/p>\n<p>A Prefeitura disponibilizou um formul\u00e1rio que pode ser impresso, preenchido e entregue no momento da vacina\u00e7\u00e3o. Ele est\u00e1 localizado acima do formul\u00e1rio do pr\u00e9-cadastramento e pode ser acessado pelo\u00a0<a href=\"https:\/\/covid19.pjf.mg.gov.br\/vacinacao_juiz_de_fora.php\">link<\/a>. Abaixo do formul\u00e1rio encontra-se a orienta\u00e7\u00e3o para n\u00e3o preenchimento do campo \u201cEstabelecimento de sa\u00fade\u201d.<\/p>\n<p><b>CONFIRA O ENDERE\u00c7O DO DEPARTAMENTO DE SA\u00daDE DO IDOSO<\/b><br \/>\nDSI: Rua Batista de Oliveira, 943, no Granbery.<\/p>\n<p><b>CONFIRA OS ENDERE\u00c7OS DAS UBS PARA A VACINA\u00c7\u00c3O<\/b><br \/>\nUBS Benfica: Rua Guararapes, 106.<br \/>\nUBS Nossa Senhora das Gra\u00e7as: Rua Queluz 72.<br \/>\nUBS Nossa Senhora Aparecida: Rua Nossa Senhora Aparecida, n\u00ba 775.<br \/>\nUBS Vila Ideal: Avenida Francisco Valadares, n\u00ba 1910.<br \/>\nUBS Santa Luzia: Rua Torre\u00f5es, s\/n\u00ba.<br \/>\nUBS S\u00e3o Pedro: Rua Jo\u00e3o Louren\u00e7o Kelmer, n\u00ba 1.433.<br \/>\nUBS Borboleta: Rua Tenente Paulo Maria Delage 297.<\/p>\n<p>Fonte: Assessoria<\/p>\n","protected":false},"excerpt":{"rendered":"<p>Os idosos de 85 anos ou mais podem se imunizar a partir desta segunda-feira, 8, no Departamento de Sa\u00fade do Idosos (DSI) e em sete Unidades B\u00e1sicas de Sa\u00fade (UBSs) do munic\u00edpio. A vacina\u00e7\u00e3o dos profissionais de sa\u00fade de 50 anos ou mais que est\u00e3o na ativa, come\u00e7a nesta ter\u00e7a-feira, 9, no drive-thru montado no [&hellip;]<\/p>\n","protected":false},"author":246,"featured_media":179119,"comment_status":"closed","ping_status":"closed","sticky":false,"template":"","format":"standard","meta":{"footnotes":""},"categories":[256,436,440,262,439],"tags":[],"class_list":["post-179118","post","type-post","status-publish","format-standard","has-post-thumbnail","hentry","category-cultura","category-destaque-da-semana","category-destaques-do-dia","category-noticias","category-ultima-hora"],"_links":{"self":[{"href":"https:\/\/diarioregionaldigital.com.br\/index.php?rest_route=\/wp\/v2\/posts\/179118","targetHints":{"allow":["GET"]}}],"collection":[{"href":"https:\/\/diarioregionaldigital.com.br\/index.php?rest_route=\/wp\/v2\/posts"}],"about":[{"href":"https:\/\/diarioregionaldigital.com.br\/index.php?rest_route=\/wp\/v2\/types\/post"}],"author":[{"embeddable":true,"href":"https:\/\/diarioregionaldigital.com.br\/index.php?rest_route=\/wp\/v2\/users\/246"}],"replies":[{"embeddable":true,"href":"https:\/\/diarioregionaldigital.com.br\/index.php?rest_route=%2Fwp%2Fv2%2Fcomments&post=179118"}],"version-history":[{"count":0,"href":"https:\/\/diarioregionaldigital.com.br\/index.php?rest_route=\/wp\/v2\/posts\/179118\/revisions"}],"wp:featuredmedia":[{"embeddable":true,"href":"https:\/\/diarioregionaldigital.com.br\/index.php?rest_route=\/wp\/v2\/media\/179119"}],"wp:attachment":[{"href":"https:\/\/diarioregionaldigital.com.br\/index.php?rest_route=%2Fwp%2Fv2%2Fmedia&parent=179118"}],"wp:term":[{"taxonomy":"category","embeddable":true,"href":"https:\/\/diarioregionaldigital.com.br\/index.php?rest_route=%2Fwp%2Fv2%2Fcategories&post=179118"},{"taxonomy":"post_tag","embeddable":true,"href":"https:\/\/diarioregionaldigital.com.br\/index.php?rest_route=%2Fwp%2Fv2%2Ftags&post=179118"}],"curies":[{"name":"wp","href":"https:\/\/api.w.org\/{rel}","templated":true}]}}