{"id":179024,"date":"2021-03-05T18:37:23","date_gmt":"2021-03-05T21:37:23","guid":{"rendered":"https:\/\/diarioregionaldigital.com.br\/?p=179024"},"modified":"2021-03-05T18:37:23","modified_gmt":"2021-03-05T21:37:23","slug":"acoes-de-conservacao-e-restauro-garantem-integridade-do-acervo-do-museu-mariano-procopio","status":"publish","type":"post","link":"https:\/\/diarioregionaldigital.com.br\/?p=179024","title":{"rendered":"A\u00e7\u00f5es de conserva\u00e7\u00e3o e restauro garantem integridade do acervo do Museu Mariano Proc\u00f3pio"},"content":{"rendered":"<p>Uma rotina permanente e minuciosa \u00e9 fundamental para garantir a integridade de pe\u00e7as em papel do acervo do Museu Mariano Proc\u00f3pio, que figura entre os maiores e mais importantes equipamentos museol\u00f3gicos do pa\u00eds. Trata-se do trabalho de conserva\u00e7\u00e3o e restaura\u00e7\u00e3o de livros, documentos, gravuras, fotografias e pinturas, entre outros itens, executado pela equipe t\u00e9cnica da funda\u00e7\u00e3o, que \u00e9 gerida pela Prefeitura de Juiz de Fora.<\/p>\n<p>O conservador e restaurador Aloysio de Paula Gerheim, um dos respons\u00e1veis pelo servi\u00e7o, conta que a primeira etapa do trabalho \u00e9 a vistoria do acervo, com o objetivo de controlar as condi\u00e7\u00f5es gerais do mesmo. \u201cEssa \u00e9 uma fun\u00e7\u00e3o incorporada \u00e0 rotina e que envolve funcion\u00e1rios dos diferentes setores. Diariamente, \u00e9 preciso verificar se o acervo est\u00e1 seguro, observando riscos como umidade, fungos, mofo, ataque de insetos e sujidade, por exemplo. Al\u00e9m das limpezas peri\u00f3dicas, \u00e9 necess\u00e1rio abrir as janelas das salas e conferir a ventila\u00e7\u00e3o e a temperatura em cada espa\u00e7o: biblioteca, reserva t\u00e9cnica e salas expositivas.\u201d<br \/>\nGerheim destaca que essa primeira etapa, chamada conserva\u00e7\u00e3o preventiva, \u00e9 fundamental para evitar a necessidade de uma interven\u00e7\u00e3o mais dr\u00e1stica nas pe\u00e7as, algumas com mais de 200 anos.<\/p>\n<p>De acordo com o servidor, a etapa seguinte \u00e9 a conserva\u00e7\u00e3o curativa, que tem como objetivo estabilizar o acervo quando o dano n\u00e3o \u00e9 significativo, com a\u00e7\u00f5es como refor\u00e7o em encaderna\u00e7\u00f5es fr\u00e1geis e recomposi\u00e7\u00e3o de p\u00e1ginas soltas ou rasgadas. J\u00e1 a restaura\u00e7\u00e3o propriamente dita ocorre quando a pe\u00e7a necessita de interven\u00e7\u00e3o f\u00edsica e\/ou qu\u00edmica.<\/p>\n<p>Essa fase inclui procedimentos como limpeza com trincha e borracha, banho de higieniza\u00e7\u00e3o, recomposi\u00e7\u00e3o de lombadas de livros, por exemplo. \u00c9 preciso escolher a abordagem mais indicada e testar antes da aplica\u00e7\u00e3o, para evitar danos ainda maiores.\u201d<\/p>\n<p>Conforme Aloysio Gerheim, o Museu Mariano Proc\u00f3pio segue protocolos internacionais, em rela\u00e7\u00e3o \u00e0s t\u00e9cnicas e ao material utilizado. Os pap\u00e9is e fitas, por exemplo, devem ser neutros e alcalinos, e a \u00e1gua tem que ser deionizada (desmineralizada). \u201cSeguir esses crit\u00e9rios \u00e9 fundamental para n\u00e3o alterar caracter\u00edsticas originais da obra, no momento presente e tamb\u00e9m no futuro.\u201d<\/p>\n<p>H\u00e1 sete anos atuando no equipamento cultural, Aloysio afirma que j\u00e1 perdeu a conta do n\u00famero de pe\u00e7as que passaram por suas m\u00e3os. Entre os itens mais antigos tratados por ele est\u00e3o as \u201cCartas do Imperador\u201d, datadas de 1832.<\/p>\n<p>Atualmente, o restaurador trabalha em uma colet\u00e2nea de dicion\u00e1rios da l\u00edngua portuguesa de 1859. \u201c\u00c9 importante que os quatro volumes fiquem seguros e em condi\u00e7\u00f5es de uso para os pesquisadores. A partir dele, \u00e9 poss\u00edvel entender o sentido de uma palavra usada em determinada \u00e9poca hist\u00f3rica, considerando que a l\u00edngua \u00e9 viva e sofre altera\u00e7\u00f5es com o passar do tempo.\u201d<\/p>\n<p>Fonte: Assessoria<\/p>\n","protected":false},"excerpt":{"rendered":"<p>Uma rotina permanente e minuciosa \u00e9 fundamental para garantir a integridade de pe\u00e7as em papel do acervo do Museu Mariano Proc\u00f3pio, que figura entre os maiores e mais importantes equipamentos museol\u00f3gicos do pa\u00eds. Trata-se do trabalho de conserva\u00e7\u00e3o e restaura\u00e7\u00e3o de livros, documentos, gravuras, fotografias e pinturas, entre outros itens, executado pela equipe t\u00e9cnica da [&hellip;]<\/p>\n","protected":false},"author":246,"featured_media":179025,"comment_status":"closed","ping_status":"closed","sticky":false,"template":"","format":"standard","meta":{"footnotes":""},"categories":[253,256,436],"tags":[],"class_list":["post-179024","post","type-post","status-publish","format-standard","has-post-thumbnail","hentry","category-cidade","category-cultura","category-destaque-da-semana"],"_links":{"self":[{"href":"https:\/\/diarioregionaldigital.com.br\/index.php?rest_route=\/wp\/v2\/posts\/179024","targetHints":{"allow":["GET"]}}],"collection":[{"href":"https:\/\/diarioregionaldigital.com.br\/index.php?rest_route=\/wp\/v2\/posts"}],"about":[{"href":"https:\/\/diarioregionaldigital.com.br\/index.php?rest_route=\/wp\/v2\/types\/post"}],"author":[{"embeddable":true,"href":"https:\/\/diarioregionaldigital.com.br\/index.php?rest_route=\/wp\/v2\/users\/246"}],"replies":[{"embeddable":true,"href":"https:\/\/diarioregionaldigital.com.br\/index.php?rest_route=%2Fwp%2Fv2%2Fcomments&post=179024"}],"version-history":[{"count":0,"href":"https:\/\/diarioregionaldigital.com.br\/index.php?rest_route=\/wp\/v2\/posts\/179024\/revisions"}],"wp:featuredmedia":[{"embeddable":true,"href":"https:\/\/diarioregionaldigital.com.br\/index.php?rest_route=\/wp\/v2\/media\/179025"}],"wp:attachment":[{"href":"https:\/\/diarioregionaldigital.com.br\/index.php?rest_route=%2Fwp%2Fv2%2Fmedia&parent=179024"}],"wp:term":[{"taxonomy":"category","embeddable":true,"href":"https:\/\/diarioregionaldigital.com.br\/index.php?rest_route=%2Fwp%2Fv2%2Fcategories&post=179024"},{"taxonomy":"post_tag","embeddable":true,"href":"https:\/\/diarioregionaldigital.com.br\/index.php?rest_route=%2Fwp%2Fv2%2Ftags&post=179024"}],"curies":[{"name":"wp","href":"https:\/\/api.w.org\/{rel}","templated":true}]}}