{"id":179020,"date":"2021-03-05T18:30:33","date_gmt":"2021-03-05T21:30:33","guid":{"rendered":"https:\/\/diarioregionaldigital.com.br\/?p=179020"},"modified":"2021-03-05T18:30:33","modified_gmt":"2021-03-05T21:30:33","slug":"ufjf-planeja-ano-letivo-de-2021","status":"publish","type":"post","link":"https:\/\/diarioregionaldigital.com.br\/?p=179020","title":{"rendered":"UFJF planeja ano letivo de 2021"},"content":{"rendered":"<p>A realiza\u00e7\u00e3o das provas do m\u00f3dulo III do Pism no \u00faltimo final de semana, dias 27 e 28, assim como a temporada de bancas de trabalhos de conclus\u00e3o de curso, defesas de disserta\u00e7\u00f5es e teses nos programas de p\u00f3s-gradua\u00e7\u00e3o marcam a conclus\u00e3o das atividades letivas de 2020 na Universidade Federal de Juiz de Fora (UFJF). O per\u00edodo foi marcado pela pandemia de Covid-19 e\u00a0implanta\u00e7\u00e3o do Ensino Remoto Emergencial (ERE).<\/p>\n<p>O planejamento do ano letivo 2021 na UFJF j\u00e1 come\u00e7ou.\u00a0S\u00e3o a\u00e7\u00f5es de m\u00e9dio a longo prazo ainda no enfrentamento \u00e0 pandemia do coronav\u00edrus. Com dois campi, 93 cursos de gradua\u00e7\u00e3o, 45 de mestrado e 20 programas de doutorado, o desafio dessa organiza\u00e7\u00e3o envolve atender diferentes demandas e a diversidade de cursos e saberes na UFJF. Por outro lado, como Universidade, a institui\u00e7\u00e3o tem diretrizes que marcam sua identidade: a defesa do ensino superior de qualidade com inclus\u00e3o social e respeito \u00e0 vida.<\/p>\n<p>O planejamento do ano letivo 2021 na UFJF envolve diferentes setores e muitos desafios. O panorama epidemiol\u00f3gico atual ainda n\u00e3o permite o retorno \u00e0s atividades presenciais, cen\u00e1rio que tem sido acompanhado de perto pelo Comit\u00ea de Monitoramento e Orienta\u00e7\u00f5es de Conduta sobre Coronav\u00edrus e pelo Conselho Superio (Consu).<\/p>\n<p>A forma de oferta de disciplinas e de desenvolvimento de atividades de pesquisa e extens\u00e3o tem sido avaliada pelo Conselho de Gradua\u00e7\u00e3o (Congrad) e outros Conselhos Setoriais (CSPP e CONEXC). Entre os desafios do ano letivo de 2021 est\u00e3o: o represamento das atividades pr\u00e1ticas; a persist\u00eancia do cen\u00e1rio epidemiol\u00f3gico; as formas de uso de tecnologias de informa\u00e7\u00e3o e comunica\u00e7\u00e3o no ensino; e o cumprimento de 200 dias letivos.<\/p>\n<p>O Congrad aprovou duas propostas de resolu\u00e7\u00e3o que ser\u00e3o analisadas na pr\u00f3xima sexta-feira, dia 5, pela Comiss\u00e3o Acad\u00eamica de Ensino Superior, para encaminhamento ao Consu. Uma delas trata da oferta de ensino h\u00edbrido, combinando atividades presenciais e remotas quando as condi\u00e7\u00f5es epidemiol\u00f3gicas permitirem e o Conselho Superior (Consu) autorizar. A outra resolu\u00e7\u00e3o tem como tema a implanta\u00e7\u00e3o de semestres suplementares para atendimento de disciplinas n\u00e3o oferecidas no ERE, como aquelas de natureza pr\u00e1tica.<\/p>\n<p>T\u00e3o logo aprovadas, essas ou outras resolu\u00e7\u00f5es sobre o calend\u00e1rio acad\u00eamico de 2021 e a oferta de disciplinas ser\u00e3o publicadas no site do Consu e divulgadas amplamente \u00e0 comunidade acad\u00eamica pelo Portal da UFJF.<\/p>\n<p>Fonte: Assessoria<\/p>\n","protected":false},"excerpt":{"rendered":"<p>A realiza\u00e7\u00e3o das provas do m\u00f3dulo III do Pism no \u00faltimo final de semana, dias 27 e 28, assim como a temporada de bancas de trabalhos de conclus\u00e3o de curso, defesas de disserta\u00e7\u00f5es e teses nos programas de p\u00f3s-gradua\u00e7\u00e3o marcam a conclus\u00e3o das atividades letivas de 2020 na Universidade Federal de Juiz de Fora (UFJF). [&hellip;]<\/p>\n","protected":false},"author":246,"featured_media":179021,"comment_status":"closed","ping_status":"closed","sticky":false,"template":"","format":"standard","meta":{"footnotes":""},"categories":[253,436,262,439],"tags":[],"class_list":["post-179020","post","type-post","status-publish","format-standard","has-post-thumbnail","hentry","category-cidade","category-destaque-da-semana","category-noticias","category-ultima-hora"],"_links":{"self":[{"href":"https:\/\/diarioregionaldigital.com.br\/index.php?rest_route=\/wp\/v2\/posts\/179020","targetHints":{"allow":["GET"]}}],"collection":[{"href":"https:\/\/diarioregionaldigital.com.br\/index.php?rest_route=\/wp\/v2\/posts"}],"about":[{"href":"https:\/\/diarioregionaldigital.com.br\/index.php?rest_route=\/wp\/v2\/types\/post"}],"author":[{"embeddable":true,"href":"https:\/\/diarioregionaldigital.com.br\/index.php?rest_route=\/wp\/v2\/users\/246"}],"replies":[{"embeddable":true,"href":"https:\/\/diarioregionaldigital.com.br\/index.php?rest_route=%2Fwp%2Fv2%2Fcomments&post=179020"}],"version-history":[{"count":0,"href":"https:\/\/diarioregionaldigital.com.br\/index.php?rest_route=\/wp\/v2\/posts\/179020\/revisions"}],"wp:featuredmedia":[{"embeddable":true,"href":"https:\/\/diarioregionaldigital.com.br\/index.php?rest_route=\/wp\/v2\/media\/179021"}],"wp:attachment":[{"href":"https:\/\/diarioregionaldigital.com.br\/index.php?rest_route=%2Fwp%2Fv2%2Fmedia&parent=179020"}],"wp:term":[{"taxonomy":"category","embeddable":true,"href":"https:\/\/diarioregionaldigital.com.br\/index.php?rest_route=%2Fwp%2Fv2%2Fcategories&post=179020"},{"taxonomy":"post_tag","embeddable":true,"href":"https:\/\/diarioregionaldigital.com.br\/index.php?rest_route=%2Fwp%2Fv2%2Ftags&post=179020"}],"curies":[{"name":"wp","href":"https:\/\/api.w.org\/{rel}","templated":true}]}}