{"id":179017,"date":"2021-03-05T18:20:50","date_gmt":"2021-03-05T21:20:50","guid":{"rendered":"https:\/\/diarioregionaldigital.com.br\/?p=179017"},"modified":"2021-03-05T19:33:53","modified_gmt":"2021-03-05T22:33:53","slug":"lucas-verthein-garante-vaga-no-single-skiff-do-remo-para-os-jogos-olimpicos-de-toquio","status":"publish","type":"post","link":"https:\/\/diarioregionaldigital.com.br\/?p=179017","title":{"rendered":"Lucas Verthein garante vaga no Single Skiff do remo para os Jogos Ol\u00edmpicos de T\u00f3quio"},"content":{"rendered":"<p>Lucas Verthein confirmou mais uma vaga para o Brasil nos Jogos Ol\u00edmpicos de T\u00f3quio. O remador venceu a disputa do Single Skiff durante a Regata Continental de Qualifica\u00e7\u00e3o Ol\u00edmpica, realizada nesta sexta-feira (05.03), na Lagoa Rodrigo de Freitas, no Rio de Janeiro. Agora, o Brasil contabiliza 181 vagas confirmadas na edi\u00e7\u00e3o ol\u00edmpica do Jap\u00e3o.<\/p>\n<p>\u201cEu n\u00e3o tenho palavras para descrever como estou feliz. Eu treinei muito mesmo! Foi algo que meu treinador Paulo Vinicius me ensinou a n\u00e3o desistir. O ano passado foi dif\u00edcil para todo mundo e foi complicado treinar. Eu n\u00e3o sabia se estaria aqui ou n\u00e3o. Mas mantive a f\u00e9. Quando consegui a vaga para esse pr\u00e9-ol\u00edmpico, fiquei muito feliz! O remo \u00e9 um esporte maravilhoso, o Brasil precisa conhecer mais esse esporte, j\u00e1 tivemos mais cultura de remo. Eu sonhei com isso e consegui chegar nesse momento\u201d, destacou o atleta, em entrevista ao Comit\u00ea Ol\u00edmpico do Brasil.<\/p>\n<p>Na prova que abriu as competi\u00e7\u00f5es do dia, o carioca j\u00e1 havia sido o mais r\u00e1pido do skiff individual masculino (M1x), ao cruzar os 2.000 metros em 7min15s47. Al\u00e9m do Brasil, representantes do Peru, da Argentina, de Cuba, do Uruguai e do Chile tamb\u00e9m avan\u00e7aram \u00e0s finais. J\u00e1 na decis\u00e3o, o brasileiro liderou a prova desde o in\u00edcio e, apesar de pressionado pelo chileno Felipe Cardenas Morales, venceu com 1s040 de diferen\u00e7a.<\/p>\n<p>\u201cTivemos a semifinal e eu sabia que tinha que pensar em ser primeiro sempre. Tive que buscar a melhor remada poss\u00edvel, relaxar mais, soltar mais a p\u00e1 e isso me deu a primeira coloca\u00e7\u00e3o na semifinal. Minha t\u00e1tica para a final foi usar tudo o que eu tinha. Sair forte, pois sabia que quando chegasse no final era tudo ou nada. Os remadores do Chile e da Argentina vieram forte e tirei tudo o que tinha e acabei me destacando e chegando em primeiro\u201d, disse.<\/p>\n<p>Lucas \u00e9 contemplado com a Bolsa Atleta do Governo Federal na categoria Internacional. Outros tr\u00eas barcos brasileiros disputaram o Pr\u00e9-Ol\u00edmpico das Am\u00e9ricas, mas apenas Lucas conseguiu a vaga para o pa\u00eds. O Brasil ainda tem outra chance de classifica\u00e7\u00e3o no remo, durante o Pr\u00e9-Ol\u00edmpico Mundial, em maio, na Su\u00ed\u00e7a.<\/p>\n<p><strong>Investimento<\/strong><\/p>\n<p>Uma parceria entre a Secretaria Especial do Esporte do Minist\u00e9rio da Cidadania e a Confedera\u00e7\u00e3o Brasileira de Remo ajudou a viabilizar o evento no Rio de Janeiro. O investimento estimado na parceria com a Secretaria Nacional de Alto Rendimento \u00e9 de R$ 1,1 milh\u00e3o, para despesas como loca\u00e7\u00f5es de barcos a motor, estrutura flutuante, servi\u00e7os m\u00e9dicos, medidas sanit\u00e1rias, seguran\u00e7a, limpeza, divulga\u00e7\u00e3o, al\u00e9m da contrata\u00e7\u00e3o de servi\u00e7os de cronometragem especializada, hospedagem, acomoda\u00e7\u00f5es, alimenta\u00e7\u00e3o, loca\u00e7\u00e3o de alimentos e mobili\u00e1rios e contrata\u00e7\u00e3o de recursos humanos.<\/p>\n<p>Fonte: Rede do Esporte<\/p>\n","protected":false},"excerpt":{"rendered":"<p>Lucas Verthein confirmou mais uma vaga para o Brasil nos Jogos Ol\u00edmpicos de T\u00f3quio. O remador venceu a disputa do Single Skiff durante a Regata Continental de Qualifica\u00e7\u00e3o Ol\u00edmpica, realizada nesta sexta-feira (05.03), na Lagoa Rodrigo de Freitas, no Rio de Janeiro. Agora, o Brasil contabiliza 181 vagas confirmadas na edi\u00e7\u00e3o ol\u00edmpica do Jap\u00e3o. \u201cEu [&hellip;]<\/p>\n","protected":false},"author":246,"featured_media":179018,"comment_status":"closed","ping_status":"closed","sticky":false,"template":"","format":"standard","meta":{"footnotes":""},"categories":[440,257],"tags":[],"class_list":["post-179017","post","type-post","status-publish","format-standard","has-post-thumbnail","hentry","category-destaques-do-dia","category-esporte"],"_links":{"self":[{"href":"https:\/\/diarioregionaldigital.com.br\/index.php?rest_route=\/wp\/v2\/posts\/179017","targetHints":{"allow":["GET"]}}],"collection":[{"href":"https:\/\/diarioregionaldigital.com.br\/index.php?rest_route=\/wp\/v2\/posts"}],"about":[{"href":"https:\/\/diarioregionaldigital.com.br\/index.php?rest_route=\/wp\/v2\/types\/post"}],"author":[{"embeddable":true,"href":"https:\/\/diarioregionaldigital.com.br\/index.php?rest_route=\/wp\/v2\/users\/246"}],"replies":[{"embeddable":true,"href":"https:\/\/diarioregionaldigital.com.br\/index.php?rest_route=%2Fwp%2Fv2%2Fcomments&post=179017"}],"version-history":[{"count":0,"href":"https:\/\/diarioregionaldigital.com.br\/index.php?rest_route=\/wp\/v2\/posts\/179017\/revisions"}],"wp:featuredmedia":[{"embeddable":true,"href":"https:\/\/diarioregionaldigital.com.br\/index.php?rest_route=\/wp\/v2\/media\/179018"}],"wp:attachment":[{"href":"https:\/\/diarioregionaldigital.com.br\/index.php?rest_route=%2Fwp%2Fv2%2Fmedia&parent=179017"}],"wp:term":[{"taxonomy":"category","embeddable":true,"href":"https:\/\/diarioregionaldigital.com.br\/index.php?rest_route=%2Fwp%2Fv2%2Fcategories&post=179017"},{"taxonomy":"post_tag","embeddable":true,"href":"https:\/\/diarioregionaldigital.com.br\/index.php?rest_route=%2Fwp%2Fv2%2Ftags&post=179017"}],"curies":[{"name":"wp","href":"https:\/\/api.w.org\/{rel}","templated":true}]}}