{"id":179014,"date":"2021-03-05T18:15:09","date_gmt":"2021-03-05T21:15:09","guid":{"rendered":"https:\/\/diarioregionaldigital.com.br\/?p=179014"},"modified":"2021-03-05T18:15:09","modified_gmt":"2021-03-05T21:15:09","slug":"inicio-do-brasil-nas-eliminatorias-superou-as-expectativas-diz-tite","status":"publish","type":"post","link":"https:\/\/diarioregionaldigital.com.br\/?p=179014","title":{"rendered":"In\u00edcio do Brasil nas Eliminat\u00f3rias superou as expectativas, diz Tite"},"content":{"rendered":"<p>Para o t\u00e9cnico da sele\u00e7\u00e3o brasileira, Tite, o in\u00edcio da equipe nas Eliminat\u00f3rias Sul-Americanas para a Copa do Mundo do Catar (2022) superou as suas expectativas (o Brasil venceu todas as suas partidas nas quatro rodadas iniciais). Em entrevista \u00e0 Federa\u00e7\u00e3o Internacional de Futebol (Fifa), o treinador tamb\u00e9m falou da mudan\u00e7a do papel de Neymar na equipe.<img decoding=\"async\" src=\"https:\/\/agenciabrasil.ebc.com.br\/ebc.png?id=1402891&amp;o=node\" \/><img decoding=\"async\" src=\"https:\/\/agenciabrasil.ebc.com.br\/ebc.gif?id=1402891&amp;o=node\" \/><\/p>\n<p>\u201cA qualidade que mostramos em tr\u00eas dos jogos superou minhas expectativas, e contra a Venezuela lutamos muito. \u00c9 um processo de crescimento. Os pontos refletem o desempenho da equipe, e nosso total me impressiona\u201d, diz o treinador, que prev\u00ea dificuldades nas pr\u00f3ximas rodadas da competi\u00e7\u00e3o, quando enfrenta a Col\u00f4mbia e a Argentina. \u201cS\u00e3o dois jogos muito importantes. As eliminat\u00f3rias s\u00e3o muito equilibradas. Os dois jogos contra a Col\u00f4mbia nas \u00faltimas eliminat\u00f3rias foram, tecnicamente, os dois melhores jogos que disputamos [&#8230;]. E a Argentina tem \u00f3timos jogadores. Para mim, Brasil e Argentina, al\u00e9m de ser uma eliminat\u00f3ria da Copa do Mundo, \u00e9 outra competi\u00e7\u00e3o em si\u201d, afirma.<\/p>\n<p>Na entrevista o treinador tamb\u00e9m foi questionado sobre aquele que \u00e9 considerado o l\u00edder t\u00e9cnico da sele\u00e7\u00e3o, o atacante Neymar, do PSG (Fran\u00e7a). Tite avalia que o camisa 10 da sele\u00e7\u00e3o brasileira mudou a sua forma de jogar, deixando de ser apenas um jogador de conclus\u00e3o de jogadas, para ajudar tamb\u00e9m na cria\u00e7\u00e3o: \u201cEle expandiu sua \u00e1rea de atua\u00e7\u00e3o, e, al\u00e9m de artilheiro, cria jogadas para os outros. Agora \u00e9 o que chamamos de arco e flecha\u201d.<\/p>\n<p>Ao falar do seu camisa 10, o treinador revela seus votos para o pr\u00eamio de melhor jogador do mundo. E Neymar aparece na primeira posi\u00e7\u00e3o. \u201cAntes de se machucar, Neymar estava, mesmo para seus pr\u00f3prios padr\u00f5es, em uma forma fant\u00e1stica. Lewandowski [o segundo jogador em quem votou] \u00e9 um atacante incr\u00edvel. De Bruyne [o terceiro] \u00e9 capaz de fazer coisas que outros n\u00e3o podem. Sua improvisa\u00e7\u00e3o, sua determina\u00e7\u00e3o. Adoro v\u00ea-lo jogar\u201d, afirma Tite.<\/p>\n<p>Al\u00e9m disso, o comandante do Brasil \u00e9 questionado sobre as melhores sele\u00e7\u00f5es da atualidade. E Tite afirma que merecem destaque a It\u00e1lia, que \u201ctem um equil\u00edbrio maior entre o jogo defensivo [caracteristicamente, historicamente pelo que s\u00e3o conhecidos] e o jogo ofensivo\u201d, a B\u00e9lgica, que \u201ctem essa grande gera\u00e7\u00e3o [&#8230;], tem um grande talento individual e um dos jogadores mais talentosos do mundo, De Bruyne\u201d, e a Fran\u00e7a, que \u201ctamb\u00e9m \u00e9 muito forte\u201d.<\/p>\n<p><span style=\"font-weight: 400;\">Fonte: Ag\u00eancia Brasil<\/span><\/p>\n","protected":false},"excerpt":{"rendered":"<p>Para o t\u00e9cnico da sele\u00e7\u00e3o brasileira, Tite, o in\u00edcio da equipe nas Eliminat\u00f3rias Sul-Americanas para a Copa do Mundo do Catar (2022) superou as suas expectativas (o Brasil venceu todas as suas partidas nas quatro rodadas iniciais). Em entrevista \u00e0 Federa\u00e7\u00e3o Internacional de Futebol (Fifa), o treinador tamb\u00e9m falou da mudan\u00e7a do papel de Neymar [&hellip;]<\/p>\n","protected":false},"author":246,"featured_media":179015,"comment_status":"closed","ping_status":"closed","sticky":false,"template":"","format":"standard","meta":{"footnotes":""},"categories":[257],"tags":[],"class_list":["post-179014","post","type-post","status-publish","format-standard","has-post-thumbnail","hentry","category-esporte"],"_links":{"self":[{"href":"https:\/\/diarioregionaldigital.com.br\/index.php?rest_route=\/wp\/v2\/posts\/179014","targetHints":{"allow":["GET"]}}],"collection":[{"href":"https:\/\/diarioregionaldigital.com.br\/index.php?rest_route=\/wp\/v2\/posts"}],"about":[{"href":"https:\/\/diarioregionaldigital.com.br\/index.php?rest_route=\/wp\/v2\/types\/post"}],"author":[{"embeddable":true,"href":"https:\/\/diarioregionaldigital.com.br\/index.php?rest_route=\/wp\/v2\/users\/246"}],"replies":[{"embeddable":true,"href":"https:\/\/diarioregionaldigital.com.br\/index.php?rest_route=%2Fwp%2Fv2%2Fcomments&post=179014"}],"version-history":[{"count":0,"href":"https:\/\/diarioregionaldigital.com.br\/index.php?rest_route=\/wp\/v2\/posts\/179014\/revisions"}],"wp:featuredmedia":[{"embeddable":true,"href":"https:\/\/diarioregionaldigital.com.br\/index.php?rest_route=\/wp\/v2\/media\/179015"}],"wp:attachment":[{"href":"https:\/\/diarioregionaldigital.com.br\/index.php?rest_route=%2Fwp%2Fv2%2Fmedia&parent=179014"}],"wp:term":[{"taxonomy":"category","embeddable":true,"href":"https:\/\/diarioregionaldigital.com.br\/index.php?rest_route=%2Fwp%2Fv2%2Fcategories&post=179014"},{"taxonomy":"post_tag","embeddable":true,"href":"https:\/\/diarioregionaldigital.com.br\/index.php?rest_route=%2Fwp%2Fv2%2Ftags&post=179014"}],"curies":[{"name":"wp","href":"https:\/\/api.w.org\/{rel}","templated":true}]}}