{"id":179004,"date":"2021-03-05T17:36:22","date_gmt":"2021-03-05T20:36:22","guid":{"rendered":"https:\/\/diarioregionaldigital.com.br\/?p=179004"},"modified":"2021-03-05T17:36:22","modified_gmt":"2021-03-05T20:36:22","slug":"governo-de-minas-lanca-projeto-que-amplia-cooperacao-entre-estado-e-municipios-na-educacao","status":"publish","type":"post","link":"https:\/\/diarioregionaldigital.com.br\/?p=179004","title":{"rendered":"Governo de Minas lan\u00e7a projeto que amplia coopera\u00e7\u00e3o entre Estado e munic\u00edpios na Educa\u00e7\u00e3o"},"content":{"rendered":"<p>O governador Romeu Zema participou nesta quarta-feira (3\/3) do lan\u00e7amento do projeto \u201cM\u00e3os Dadas\u201d, da\u00a0<a href=\"http:\/\/www.educacao.mg.gov.br\/\" target=\"_blank\" rel=\"noopener\">Secretaria de Estado de Educa\u00e7\u00e3o (SEE)<\/a>. A iniciativa busca fortalecer o regime de coopera\u00e7\u00e3o entre Estado e munic\u00edpios mineiros no atendimento educacional, a partir do apoio e incentivo para que as cidades ampliem a oferta dos anos iniciais do ensino fundamental, conforme prev\u00ea a Constitui\u00e7\u00e3o Federal e a Lei de Diretrizes e Bases da Educa\u00e7\u00e3o Nacional.<\/p>\n<p>Para apoiar as prefeituras na execu\u00e7\u00e3o do M\u00e3os Dadas ser\u00e3o investidos R$ 500 milh\u00f5es. O recurso, previsto na Lei de Or\u00e7amento Anual de 2021, aprovada pela Assembleia Legislativa de Minas, poder\u00e1 ser utilizado para a constru\u00e7\u00e3o de escolas, aquisi\u00e7\u00e3o de mobili\u00e1rios, execu\u00e7\u00e3o de obras e reformas, entre outras a\u00e7\u00f5es.<\/p>\n<p>Na avalia\u00e7\u00e3o do governador, o exemplo do estado do Cear\u00e1, que adotou medida semelhante, mostra a efic\u00e1cia da medida. \u201cN\u00e3o \u00e9 s\u00f3 reformar escolas e dar treinamento aos professores que vai melhorar a Educa\u00e7\u00e3o. \u00c9 preciso a\u00e7\u00f5es integradas. O Cear\u00e1 j\u00e1 passou por isso, a experi\u00eancia deles j\u00e1 provou isso. Temos que fazer o que funciona. Quero que os prefeitos contem conosco, ter mais recursos \u00e9 fundamental\u201d, afirmou.<\/p>\n<p><strong>Benef\u00edcios<\/strong><\/p>\n<p>O projeto \u201cM\u00e3os Dadas\u201d trar\u00e1 benef\u00edcios m\u00fatuos para Estado e prefeituras. Ele possibilitar\u00e1 a aproxima\u00e7\u00e3o das decis\u00f5es pedag\u00f3gicas e administrativas do munic\u00edpio focadas nas verdadeiras necessidades dos alunos de anos iniciais, criando uma unidade pedag\u00f3gica no ciclo da inf\u00e2ncia.<\/p>\n<p>Al\u00e9m disso, com o aumento de matr\u00edculas do munic\u00edpio, consequentemente haver\u00e1 aumento do valor total a ser repassado pelo governo federal, j\u00e1 que o repasse \u00e9 proporcional ao n\u00famero de matr\u00edculas. Esses recursos ser\u00e3o cada vez maiores nos pr\u00f3ximos anos, a partir da implementa\u00e7\u00e3o do Novo Fundeb, chegando em 2026 a um valor adicional superior a R$ 400 milh\u00f5es por ano \u00e0s cidades mineiras.<\/p>\n<p>Para o Estado, a iniciativa permitir\u00e1 a concentra\u00e7\u00e3o de esfor\u00e7os na implementa\u00e7\u00e3o do ensino m\u00e9dio, possibilitando a amplia\u00e7\u00e3o do diurno, expans\u00e3o do Ensino M\u00e9dio em Tempo Integral (EMTI) e educa\u00e7\u00e3o profissional.<\/p>\n<p><strong>Melhores \u00edndices<\/strong><\/p>\n<p>Segundo a secret\u00e1ria de Estado de Educa\u00e7\u00e3o, Julia Sant\u2019Anna, o foco do Estado no ensino m\u00e9dio garantir\u00e1 ainda melhores resultados no \u00cdndice de Desenvolvimento da Educa\u00e7\u00e3o B\u00e1sica (Ideb) em Minas.<\/p>\n<p>\u201cVivemos em um estado que ainda \u00e9 o segundo mais numeroso com alunos dos anos iniciais nas escolas estaduais. Precisamos ter desenvolvimento neste processo para que a gente consiga focar no ensino m\u00e9dio, nos anos finais; fazer a continuidade do processo de avan\u00e7o no nosso Ideb do ensino m\u00e9dio e garantir que os prefeitos tamb\u00e9m tenham condi\u00e7\u00e3o de absorver estes anos iniciais\u201d, afirmou. \u201c\u00c9 a primeira vez Minas Gerais faz um aporte financeiro para apoiar os prefeitos. N\u00e3o \u00e9 apenas um apoio financeiro, mas t\u00e9cnico e pedag\u00f3gico para garantir a evolu\u00e7\u00e3o dos anos iniciais em Minas Gerais\u201d, pontuou.<\/p>\n<p>A partir da ades\u00e3o ao projeto, os munic\u00edpios receber\u00e3o suporte da Secretaria de Estado de Educa\u00e7\u00e3o durante a transi\u00e7\u00e3o dos alunos. Al\u00e9m disso, ser\u00e3o disponibilizados materiais de apoio, aux\u00edlio na an\u00e1lise dos resultados das avalia\u00e7\u00f5es e elabora\u00e7\u00e3o de estrat\u00e9gias, avalia\u00e7\u00e3o diagn\u00f3stica para os anos iniciais e avalia\u00e7\u00f5es externas.<\/p>\n<p><strong>Apoio<\/strong><\/p>\n<p>A presidente executiva do Todos pela Educa\u00e7\u00e3o &#8211; organiza\u00e7\u00e3o n\u00e3o governamental que trabalha por uma educa\u00e7\u00e3o p\u00fablica de qualidade -, Priscila Cruz, afirmou que a colabora\u00e7\u00e3o conjunta entre Estado e munic\u00edpio \u00e9 fundamental.<\/p>\n<p>\u201cColaborar \u00e9 trabalhar juntos. \u00c9 assim que a gente vai fazer com que a Educa\u00e7\u00e3o brasileira consiga sair desta crise gigantesca que a gente est\u00e1 vivendo hoje, que com a pandemia se tornou ainda mais aguda, e dar este direito a todas as crian\u00e7as, independentemente da sua renda, da sua cidade, da rede que estuda. A ideia de colabora\u00e7\u00e3o \u00e9 uma ideia poderosa para a gente cuidar das crian\u00e7as e da juventude brasileira. Que Minas seja o exemplo para o pa\u00eds de trabalho conjunto\u201d, avaliou.<\/p>\n<p>O presidente da Associa\u00e7\u00e3o Mineira de Munic\u00edpios (AMM), Julvan Lacerda, ressaltou a iniciativa. \u201c\u00c9 um trabalho que vai gerar frutos n\u00e3o s\u00f3 a curto prazo, mas para a pr\u00f3xima gera\u00e7\u00e3o. Quando a gente aumenta os \u00edndices da Educa\u00e7\u00e3o, o Ideb, a gente diminui no futuro o \u00edndice de desemprego, aumenta a gera\u00e7\u00e3o de renda e a riqueza do pa\u00eds\u201d, finalizou.<\/p>\n<p>Tamb\u00e9m participaram do lan\u00e7amento o secret\u00e1rio adjunto de\u00a0<a href=\"http:\/\/www.governo.mg.gov.br\/\" target=\"_blank\" rel=\"noopener\">Governo (Segov)<\/a>, Gustavo Corr\u00eaa, al\u00e9m das deputadas estaduais Laura Serrano e Celise Laviola.<\/p>\n<p><span style=\"font-weight: 400;\">Fonte: Ag\u00eancia Minas <\/span><\/p>\n","protected":false},"excerpt":{"rendered":"<p>O governador Romeu Zema participou nesta quarta-feira (3\/3) do lan\u00e7amento do projeto \u201cM\u00e3os Dadas\u201d, da\u00a0Secretaria de Estado de Educa\u00e7\u00e3o (SEE). A iniciativa busca fortalecer o regime de coopera\u00e7\u00e3o entre Estado e munic\u00edpios mineiros no atendimento educacional, a partir do apoio e incentivo para que as cidades ampliem a oferta dos anos iniciais do ensino fundamental, [&hellip;]<\/p>\n","protected":false},"author":246,"featured_media":179005,"comment_status":"closed","ping_status":"closed","sticky":false,"template":"","format":"standard","meta":{"footnotes":""},"categories":[436,262,254],"tags":[],"class_list":["post-179004","post","type-post","status-publish","format-standard","has-post-thumbnail","hentry","category-destaque-da-semana","category-noticias","category-politica"],"_links":{"self":[{"href":"https:\/\/diarioregionaldigital.com.br\/index.php?rest_route=\/wp\/v2\/posts\/179004","targetHints":{"allow":["GET"]}}],"collection":[{"href":"https:\/\/diarioregionaldigital.com.br\/index.php?rest_route=\/wp\/v2\/posts"}],"about":[{"href":"https:\/\/diarioregionaldigital.com.br\/index.php?rest_route=\/wp\/v2\/types\/post"}],"author":[{"embeddable":true,"href":"https:\/\/diarioregionaldigital.com.br\/index.php?rest_route=\/wp\/v2\/users\/246"}],"replies":[{"embeddable":true,"href":"https:\/\/diarioregionaldigital.com.br\/index.php?rest_route=%2Fwp%2Fv2%2Fcomments&post=179004"}],"version-history":[{"count":0,"href":"https:\/\/diarioregionaldigital.com.br\/index.php?rest_route=\/wp\/v2\/posts\/179004\/revisions"}],"wp:featuredmedia":[{"embeddable":true,"href":"https:\/\/diarioregionaldigital.com.br\/index.php?rest_route=\/wp\/v2\/media\/179005"}],"wp:attachment":[{"href":"https:\/\/diarioregionaldigital.com.br\/index.php?rest_route=%2Fwp%2Fv2%2Fmedia&parent=179004"}],"wp:term":[{"taxonomy":"category","embeddable":true,"href":"https:\/\/diarioregionaldigital.com.br\/index.php?rest_route=%2Fwp%2Fv2%2Fcategories&post=179004"},{"taxonomy":"post_tag","embeddable":true,"href":"https:\/\/diarioregionaldigital.com.br\/index.php?rest_route=%2Fwp%2Fv2%2Ftags&post=179004"}],"curies":[{"name":"wp","href":"https:\/\/api.w.org\/{rel}","templated":true}]}}