{"id":179000,"date":"2021-03-05T17:26:58","date_gmt":"2021-03-05T20:26:58","guid":{"rendered":"https:\/\/diarioregionaldigital.com.br\/?p=179000"},"modified":"2021-03-05T17:26:58","modified_gmt":"2021-03-05T20:26:58","slug":"marco-mes-da-mulher-camara-relembra-vera-faria-a-primeira-mulher-eleita-vereadora-em-juiz-de-fora","status":"publish","type":"post","link":"https:\/\/diarioregionaldigital.com.br\/?p=179000","title":{"rendered":"Mar\u00e7o M\u00eas da Mulher &#8211; C\u00e2mara relembra Vera Faria, a primeira mulher eleita vereadora em Juiz de Fora"},"content":{"rendered":"<p>\u201cMais mulheres na pol\u00edtica; mais pol\u00edtica para mulheres\u201d. O tema do Mar\u00e7o M\u00eas da Mulher organizado pela Comiss\u00e3o dos Direitos da Mulher e a Superintend\u00eancia de Comunica\u00e7\u00e3o Legislativa, da C\u00e2mara Municipal de Juiz de Fora (CMJF), nos inspira a relembrar as mulheres que passaram pela C\u00e2mara, como forma resgatar a mem\u00f3ria do Legislativo e de inspirar novas lideran\u00e7as femininas na pol\u00edticas. Neste m\u00eas de mar\u00e7o, a C\u00e2mara lembrar\u00e1 todas as mulheres que exerceram a verean\u00e7a no Legislativo Municipal, em uma s\u00e9rie de publica\u00e7\u00f5es em redes sociais.<\/p>\n<p>Na \u00faltima quarta-feira, 3, a primeira postagem foi feita no Instagram e Facebook, com a primeira mulher eleita vereadora em Juiz de Fora, Vera Faria, que atuou na legislatura 1967-1970. O conte\u00fado tamb\u00e9m ser\u00e1 divulgado no site da CMJF. Durante a s\u00e9rie, o Legislativo divulgar\u00e1 um resumo da biografia de cada uma das quinze mulheres que ocuparam cadeiras na Casa Legislativa, dos anos 1967 e at\u00e9 os dias de hoje.<\/p>\n<p>Vera Faria (Legislatura 1967-1970)<\/p>\n<p>A primeira vereadora a ingressar na C\u00e2mara de Juiz de Fora, Vera Faria foi eleita pelo Movimento Democr\u00e1tico Brasileiro (MDB) e atuou como vereadora entre 1967 e 1970 e depois entre 1973 e 1976, al\u00e9m de ter sido Secret\u00e1ria do Trabalho e Bem-Estar Social na Prefeitura de Juiz de Fora. Durante o per\u00edodo em que se dedicou \u00e0 verean\u00e7a, esteve sempre envolvida com trabalhos sociais e pol\u00edticas p\u00fablicas para crian\u00e7as e idosos em situa\u00e7\u00e3o de vulnerabilidade. Ela foi a quinta mais bem votada entre os eleitos para a primeira Legislatura durante o regime militar e, entre os feitos pol\u00edticos, a vereadora ficou conhecida pelos trabalhos sociais. Al\u00e9m disso, \u00e9 autora da lei que criou o Clube Educativo dos Engraxates Dom Bosco, que encaminhava jovens para a educa\u00e7\u00e3o, o trabalho, a sa\u00fade, o lazer e viabilizou a cria\u00e7\u00e3o da Guarda Mirim, que completa 55 anos de funcionamento em 2021.<\/p>\n<p>&nbsp;<\/p>\n<p><strong>Confira a programa\u00e7\u00e3o do Mar\u00e7o M\u00eas da Mulher da C\u00e2mara de Juiz de Fora:<\/strong><\/p>\n<p>Dia 8 | \u00c0s 16h | Pela JFTV C\u00e2mara<\/p>\n<p>Transmiss\u00e3o da Roda de Conversa entre as quatro vereadoras da Comiss\u00e3o de Defesa das Mulheres<\/p>\n<p>Solenidade de inser\u00e7\u00e3o dos novos quadros de vereadoras na galeria do Pal\u00e1cio Barbosa Lima<\/p>\n<p>Entrega de kits \u00e0s servidoras da Casa, marcando o Dia Internacional da Mulher<\/p>\n<p>&nbsp;<\/p>\n<p>Dia 9 | \u00c0s 16h | Pelo Instagram<\/p>\n<p>Live &#8211; Laiz Perrut convida Margarida Salom\u00e3o<\/p>\n<p>&nbsp;<\/p>\n<p>Dia 10 | \u00c0s 16h | Pelo Instagram<\/p>\n<p>Live &#8211; Tallia Sobral convida K\u00eania Borges, do 8M<\/p>\n<p>&nbsp;<\/p>\n<p>Dia 11 | \u00c0s 16h | Pelo Instagram<\/p>\n<p>Live &#8211; Cida Oliveira convida Adriana Perini<\/p>\n<p>&nbsp;<\/p>\n<p>Dia 12 | \u00c0s 16h | Pelo Instagram<\/p>\n<p>Live &#8211; K\u00e1tia Franco convida Patr\u00edcia L\u00e9lia de Carvalho<\/p>\n<p>&nbsp;<\/p>\n<p>Dia 12 | Sexta Delas \u00e0s 19h30 | Pela JFTV C\u00e2mara<\/p>\n<p>Exibi\u00e7\u00e3o de filmes de diretoras juiz-foranas em parceria com a Funalfa:<\/p>\n<p>Dores | Paula Duarte Souza<\/p>\n<p>Mobile Haikai | Lilian Werneck Rodrigues<\/p>\n<p>A menina que colecionava estrelas | Ana Claudia Ferreira<\/p>\n<p>&nbsp;<\/p>\n<p>Dia 16 | Estreia do v\u00eddeo \u00e0s 17h30 | Pela JFTV C\u00e2mara<\/p>\n<p>Men\u00e7\u00e3o Honrosa Vera Faria ser\u00e1 realizada de forma simb\u00f3lica com a exibi\u00e7\u00e3o de v\u00eddeos sobre as homenageadas<\/p>\n<p>&nbsp;<\/p>\n<p>Dia 19\u00a0 | Sexta Delas \u00e0s 19h30 | Pela JFTV C\u00e2mara<\/p>\n<p>Al\u00e9m do Malte | Mariana Pena Teixeira<\/p>\n<p>&nbsp;<\/p>\n<p>Dia 26\u00a0 | Sexta Delas \u00e0s 19h30 | Pela JFTV C\u00e2mara<\/p>\n<p>Curta : Sempre Amor | Mariana Ferraz Musse<\/p>\n<p>Fonte: Assessoria<\/p>\n","protected":false},"excerpt":{"rendered":"<p>\u201cMais mulheres na pol\u00edtica; mais pol\u00edtica para mulheres\u201d. O tema do Mar\u00e7o M\u00eas da Mulher organizado pela Comiss\u00e3o dos Direitos da Mulher e a Superintend\u00eancia de Comunica\u00e7\u00e3o Legislativa, da C\u00e2mara Municipal de Juiz de Fora (CMJF), nos inspira a relembrar as mulheres que passaram pela C\u00e2mara, como forma resgatar a mem\u00f3ria do Legislativo e de [&hellip;]<\/p>\n","protected":false},"author":246,"featured_media":179001,"comment_status":"closed","ping_status":"closed","sticky":false,"template":"","format":"standard","meta":{"footnotes":""},"categories":[436,254],"tags":[],"class_list":["post-179000","post","type-post","status-publish","format-standard","has-post-thumbnail","hentry","category-destaque-da-semana","category-politica"],"_links":{"self":[{"href":"https:\/\/diarioregionaldigital.com.br\/index.php?rest_route=\/wp\/v2\/posts\/179000","targetHints":{"allow":["GET"]}}],"collection":[{"href":"https:\/\/diarioregionaldigital.com.br\/index.php?rest_route=\/wp\/v2\/posts"}],"about":[{"href":"https:\/\/diarioregionaldigital.com.br\/index.php?rest_route=\/wp\/v2\/types\/post"}],"author":[{"embeddable":true,"href":"https:\/\/diarioregionaldigital.com.br\/index.php?rest_route=\/wp\/v2\/users\/246"}],"replies":[{"embeddable":true,"href":"https:\/\/diarioregionaldigital.com.br\/index.php?rest_route=%2Fwp%2Fv2%2Fcomments&post=179000"}],"version-history":[{"count":0,"href":"https:\/\/diarioregionaldigital.com.br\/index.php?rest_route=\/wp\/v2\/posts\/179000\/revisions"}],"wp:featuredmedia":[{"embeddable":true,"href":"https:\/\/diarioregionaldigital.com.br\/index.php?rest_route=\/wp\/v2\/media\/179001"}],"wp:attachment":[{"href":"https:\/\/diarioregionaldigital.com.br\/index.php?rest_route=%2Fwp%2Fv2%2Fmedia&parent=179000"}],"wp:term":[{"taxonomy":"category","embeddable":true,"href":"https:\/\/diarioregionaldigital.com.br\/index.php?rest_route=%2Fwp%2Fv2%2Fcategories&post=179000"},{"taxonomy":"post_tag","embeddable":true,"href":"https:\/\/diarioregionaldigital.com.br\/index.php?rest_route=%2Fwp%2Fv2%2Ftags&post=179000"}],"curies":[{"name":"wp","href":"https:\/\/api.w.org\/{rel}","templated":true}]}}