{"id":178992,"date":"2021-03-05T17:02:28","date_gmt":"2021-03-05T20:02:28","guid":{"rendered":"https:\/\/diarioregionaldigital.com.br\/?p=178992"},"modified":"2021-03-05T19:34:24","modified_gmt":"2021-03-05T22:34:24","slug":"romeu-zema-cria-grupo-de-trabalho-para-buscar-solucoes-junto-aos-transportadores-de-combustiveis","status":"publish","type":"post","link":"https:\/\/diarioregionaldigital.com.br\/?p=178992","title":{"rendered":"Romeu Zema cria Grupo de Trabalho para buscar solu\u00e7\u00f5es junto aos transportadores de combust\u00edveis"},"content":{"rendered":"<p>&nbsp;<\/p>\n<div class=\"clear \">\n<p>O governador Romeu Zema criou nesta quarta-feira (3\/3) o Grupo de Trabalho com objetivo de promover estudos e propor normas e alternativas relacionadas ao Imposto sobre Circula\u00e7\u00e3o de Mercadorias e Presta\u00e7\u00e3o de Servi\u00e7os (ICMS) nas opera\u00e7\u00f5es internas com combust\u00edveis.<\/p>\n<p>Dessa forma, Zema cumpre o compromisso assumido na semana passada junto aos transportadores de combust\u00edveis de buscar uma solu\u00e7\u00e3o dialogada e efetiva para as insatisfa\u00e7\u00f5es que levaram \u00e0 paralisa\u00e7\u00e3o do setor. O decreto foi publicado nesta quarta-feira (3\/3) no\u00a0<a href=\"http:\/\/www.jornalminasgerais.mg.gov.br\/\" target=\"_blank\" rel=\"noopener\">Di\u00e1rio Oficial do Estado<\/a>.<\/p>\n<p>O governador reafirmou que reduzir impostos \u00e9 uma das prioridades da sua gest\u00e3o. &#8220;Reduzir impostos \u00e9 um desejo e um compromisso meu. T\u00e3o logo a situa\u00e7\u00e3o fiscal do Estado e as limita\u00e7\u00f5es legais trazidas por ela nos permitam, vamos colocar isso em pr\u00e1tica. At\u00e9 l\u00e1, temos de construir alternativas e vamos busc\u00e1-las em conjunto&#8221;, explicou.<\/p>\n<p><strong>Composi\u00e7\u00e3o<\/strong><\/p>\n<p>O Grupo de Trabalho ser\u00e1 constitu\u00eddo por representantes de \u00f3rg\u00e3os p\u00fablicos e de entidades da sociedade civil. A coordena\u00e7\u00e3o ficar\u00e1 a cargo da\u00a0<a href=\"http:\/\/www.governo.mg.gov.br\/\" target=\"_blank\" rel=\"noopener\">Secretaria de Estado de Governo (Segov)<\/a>. Os demais \u00f3rg\u00e3os p\u00fablicos participantes s\u00e3o\u00a0<a href=\"http:\/\/www.secretariageral.mg.gov.br\/\" target=\"_blank\" rel=\"noopener\">Secretaria-Geral<\/a>,\u00a0<a href=\"http:\/\/www.fazenda.mg.gov.br\/\" target=\"_blank\" rel=\"noopener\">Secretaria de Estado de Fazenda (SEF)<\/a>\u00a0e\u00a0<a href=\"http:\/\/www.planejamento.mg.gov.br\/\" target=\"_blank\" rel=\"noopener\">Secretaria de Estado de Planejamento e Gest\u00e3o (Seplag)<\/a>.<\/p>\n<p>J\u00e1 as entidades da sociedade civil convidadas a compor o grupo s\u00e3o: o Sindicato do Com\u00e9rcio Varejista de Derivados de Petr\u00f3leo no Estado de Minas Gerais (Minaspetro), o Sindicato das Empresas Transportadoras de Combust\u00edveis e Derivados de Petr\u00f3leo do Estado de Minas Gerais (Sindtaque),\u00a0o\u00a0Sindicato dos Trabalhadores na Ind\u00fastria de A\u00e7\u00facar e \u00c1lcool do Estado de Minas Gerais, o Sindicato Nacional das Empresas Distribuidoras de Combust\u00edveis e de Lubrificantes (Sindicom), a Associa\u00e7\u00e3o das Ind\u00fastrias Sucroenerg\u00e9ticas de Minas Gerais, o Sindicato da Ind\u00fastria de Fabrica\u00e7\u00e3o do \u00c1lcool do Estado de Minas Gerais e o Sindicato da Ind\u00fastria do A\u00e7\u00facar no Estado de Minas Gerais (Siamig).<\/p>\n<p>Tamb\u00e9m far\u00e3o parte o Sindicato dos Empregados em Postos de Servi\u00e7os de Combust\u00edveis e Derivados de Petr\u00f3leo, Lava-r\u00e1pido e Troca de \u00d3leo de Belo Horizonte e Regi\u00e3o (Sinpospetro-BH), o Sindicato de Transporte de Cargas e Log\u00edstica de Minas Gerais (Setcemg), o Sindicato dos Trabalhadores de Min\u00e9rios e Derivados de Petr\u00f3leo de Minas Gerais (Sitramico-MG), a Federa\u00e7\u00e3o das Cooperativas de Transporte de Cargas e Passageiros do Estado de Minas Gerais (Fetranscoop), a Federa\u00e7\u00e3o dos Caminhoneiros Aut\u00f4nomos de Minas Gerais (Fetac-MG), e a Federa\u00e7\u00e3o dos Trabalhadores em Transportes Rodovi\u00e1rios, Urbanos, Pr\u00f3prios, Vias Rurais, P\u00fablicas e \u00c1reas Internas no Estado de Minas Gerais (Fettrominas).<\/p>\n<p><strong>Apoio<\/strong><\/p>\n<p>Ainda de acordo com o decreto, os membros do Grupo de Trabalho e respectivos suplentes ser\u00e3o indicados pelo titular do \u00f3rg\u00e3o ou entidade que representam. O grupo contar\u00e1 com apoio t\u00e9cnico da\u00a0<a href=\"http:\/\/www.advocaciageral.mg.gov.br\/\" target=\"_blank\" rel=\"noopener\">Advocacia-Geral do Estado (AGE)<\/a>\u00a0e da Consultoria T\u00e9cnico-Legislativa (CTL).<\/p>\n<p>O Grupo de Trabalho concluir\u00e1 as atividades no prazo de 30 dias, a contar da data de publica\u00e7\u00e3o do decreto, podendo ser prorrogado por igual per\u00edodo por ato do secret\u00e1rio de Estado de Governo.<\/p>\n<p><span style=\"font-weight: 400;\">Fonte: Ag\u00eancia Minas\u00a0<\/span><\/p>\n<\/div>\n<p>&nbsp;<\/p>\n","protected":false},"excerpt":{"rendered":"<p>&nbsp; O governador Romeu Zema criou nesta quarta-feira (3\/3) o Grupo de Trabalho com objetivo de promover estudos e propor normas e alternativas relacionadas ao Imposto sobre Circula\u00e7\u00e3o de Mercadorias e Presta\u00e7\u00e3o de Servi\u00e7os (ICMS) nas opera\u00e7\u00f5es internas com combust\u00edveis. Dessa forma, Zema cumpre o compromisso assumido na semana passada junto aos transportadores de combust\u00edveis [&hellip;]<\/p>\n","protected":false},"author":246,"featured_media":178993,"comment_status":"closed","ping_status":"closed","sticky":false,"template":"","format":"standard","meta":{"footnotes":""},"categories":[440,261,262],"tags":[],"class_list":["post-178992","post","type-post","status-publish","format-standard","has-post-thumbnail","hentry","category-destaques-do-dia","category-economia","category-noticias"],"_links":{"self":[{"href":"https:\/\/diarioregionaldigital.com.br\/index.php?rest_route=\/wp\/v2\/posts\/178992","targetHints":{"allow":["GET"]}}],"collection":[{"href":"https:\/\/diarioregionaldigital.com.br\/index.php?rest_route=\/wp\/v2\/posts"}],"about":[{"href":"https:\/\/diarioregionaldigital.com.br\/index.php?rest_route=\/wp\/v2\/types\/post"}],"author":[{"embeddable":true,"href":"https:\/\/diarioregionaldigital.com.br\/index.php?rest_route=\/wp\/v2\/users\/246"}],"replies":[{"embeddable":true,"href":"https:\/\/diarioregionaldigital.com.br\/index.php?rest_route=%2Fwp%2Fv2%2Fcomments&post=178992"}],"version-history":[{"count":0,"href":"https:\/\/diarioregionaldigital.com.br\/index.php?rest_route=\/wp\/v2\/posts\/178992\/revisions"}],"wp:featuredmedia":[{"embeddable":true,"href":"https:\/\/diarioregionaldigital.com.br\/index.php?rest_route=\/wp\/v2\/media\/178993"}],"wp:attachment":[{"href":"https:\/\/diarioregionaldigital.com.br\/index.php?rest_route=%2Fwp%2Fv2%2Fmedia&parent=178992"}],"wp:term":[{"taxonomy":"category","embeddable":true,"href":"https:\/\/diarioregionaldigital.com.br\/index.php?rest_route=%2Fwp%2Fv2%2Fcategories&post=178992"},{"taxonomy":"post_tag","embeddable":true,"href":"https:\/\/diarioregionaldigital.com.br\/index.php?rest_route=%2Fwp%2Fv2%2Ftags&post=178992"}],"curies":[{"name":"wp","href":"https:\/\/api.w.org\/{rel}","templated":true}]}}