{"id":178980,"date":"2021-03-05T06:00:44","date_gmt":"2021-03-05T09:00:44","guid":{"rendered":"https:\/\/diarioregionaldigital.com.br\/?p=178980"},"modified":"2021-03-05T01:14:27","modified_gmt":"2021-03-05T04:14:27","slug":"artes","status":"publish","type":"post","link":"https:\/\/diarioregionaldigital.com.br\/?p=178980","title":{"rendered":"Artes"},"content":{"rendered":"<p style=\"text-align: center;\"><strong>Mais Acess\u00edvel<\/strong><\/p>\n<p style=\"text-align: center;\">Em boa hora vai surgindo outro passo em prol da inclus\u00e3o. O grupo Prada se juntou ao The Valuable 500, comunidade global cuja miss\u00e3o \u00e9 tornar as empresas mais acess\u00edveis \u00e0s pessoas com defici\u00eancia. o primeiro compromisso firmado pela grife \u00e9 contratar indiv\u00edduos com s\u00edndrome de Down em sua loja de varejo italiano.<\/p>\n<p style=\"text-align: center;\"><strong>Tradi\u00e7\u00e3o<\/strong><\/p>\n<p style=\"text-align: center;\">Contabilizando sucesso e presidido por Aur\u00e9lio Marangon, o Sindicato da Ind\u00fastria da Constru\u00e7\u00e3o Civil (Sinduscon-JF) est\u00e1 comemorando 75 anos de atua\u00e7\u00e3o em Juiz de Fora, se notabilizando na defesa dos interesses da classe.<\/p>\n<p style=\"text-align: center;\"><strong>Participativo<\/strong><\/p>\n<p style=\"text-align: center;\">Din\u00e2mico e atuante, o Inspetor do CREA-MG, Jos\u00e9 Eduardo Modesto no momento atual tem como suas metas um trabalho de aproxima\u00e7\u00e3o com o Clube de Engenharia, Sinduscon \u2013 JF e as faculdades tamb\u00e9m vai continuar participando ativamente dos \u00f3rg\u00e3os colegiados da Prefeitura, Codema, Conselho Municipal de Habita\u00e7\u00e3o , e as comiss\u00f5es ligadas ao IPTU.<\/p>\n<p style=\"text-align: center;\"><strong>Ribalta<\/strong><\/p>\n<p style=\"text-align: center;\">Coma a pandemia em alta, o teatro-cinema est\u00e1 conquistando espa\u00e7o nos palcos virtuais se reinventando.Com op\u00e7\u00f5es diferenciadas, pe\u00e7as com cenas pr\u00e9-gravadas utilizam movimento de c\u00e2mara e recursos de edi\u00e7\u00e3o para incrementar a dramaturgia. Aplausos.<\/p>\n<p style=\"text-align: center;\"><strong><span style=\"font-size: 14pt;\">Artes<\/span><\/strong><\/p>\n<p style=\"text-align: center;\">Com curadoria de Vagner Aniceto e organiza\u00e7\u00e3o de Celia Rachel RVK, ser\u00e1 no dia 6 de mar\u00e7o a abertura da exposi\u00e7\u00e3o Mar\u00e7o com Artes, com participa\u00e7\u00e3o da artista-pl\u00e1stica Nequitz Miguel. Ser\u00e1 no Espa\u00e7o Artes Cultura &amp; Design, nos Jardins, em S\u00e3o Paulo.<\/p>\n<div id=\"attachment_178967\" style=\"width: 690px\" class=\"wp-caption aligncenter\"><img loading=\"lazy\" decoding=\"async\" aria-describedby=\"caption-attachment-178967\" class=\"wp-image-178967\" src=\"https:\/\/diarioregionaldigital.com.br\/wp-content\/uploads\/2021\/03\/fotoa-3-e1614917024182.jpg\" alt=\"\" width=\"680\" height=\"497\" srcset=\"https:\/\/diarioregionaldigital.com.br\/wp-content\/uploads\/2021\/03\/fotoa-3-e1614917024182.jpg 561w, https:\/\/diarioregionaldigital.com.br\/wp-content\/uploads\/2021\/03\/fotoa-3-e1614917024182-300x219.jpg 300w, https:\/\/diarioregionaldigital.com.br\/wp-content\/uploads\/2021\/03\/fotoa-3-e1614917024182-360x263.jpg 360w\" sizes=\"auto, (max-width: 680px) 100vw, 680px\" \/><p id=\"caption-attachment-178967\" class=\"wp-caption-text\">Antes da pandemia, no Victory Business Hotel, o administrador bonit\u00e3o Luciano Toledo<\/p><\/div>\n<div id=\"attachment_178968\" style=\"width: 690px\" class=\"wp-caption aligncenter\"><img loading=\"lazy\" decoding=\"async\" aria-describedby=\"caption-attachment-178968\" class=\"wp-image-178968\" src=\"https:\/\/diarioregionaldigital.com.br\/wp-content\/uploads\/2021\/03\/fotoaa-1-e1614917111579.jpeg\" alt=\"\" width=\"680\" height=\"485\" srcset=\"https:\/\/diarioregionaldigital.com.br\/wp-content\/uploads\/2021\/03\/fotoaa-1-e1614917111579.jpeg 962w, https:\/\/diarioregionaldigital.com.br\/wp-content\/uploads\/2021\/03\/fotoaa-1-e1614917111579-300x214.jpeg 300w, https:\/\/diarioregionaldigital.com.br\/wp-content\/uploads\/2021\/03\/fotoaa-1-e1614917111579-768x548.jpeg 768w, https:\/\/diarioregionaldigital.com.br\/wp-content\/uploads\/2021\/03\/fotoaa-1-e1614917111579-360x257.jpeg 360w, https:\/\/diarioregionaldigital.com.br\/wp-content\/uploads\/2021\/03\/fotoaa-1-e1614917111579-100x70.jpeg 100w\" sizes=\"auto, (max-width: 680px) 100vw, 680px\" \/><p id=\"caption-attachment-178968\" class=\"wp-caption-text\">Visitando esta coluna social, os queridos Albina Valle Botti e Henrique Ant\u00f4nio Nery<\/p><\/div>\n<div id=\"attachment_178969\" style=\"width: 690px\" class=\"wp-caption aligncenter\"><img loading=\"lazy\" decoding=\"async\" aria-describedby=\"caption-attachment-178969\" class=\"wp-image-178969\" src=\"https:\/\/diarioregionaldigital.com.br\/wp-content\/uploads\/2021\/03\/fotob-1-e1614917054280.jpeg\" alt=\"\" width=\"680\" height=\"496\" srcset=\"https:\/\/diarioregionaldigital.com.br\/wp-content\/uploads\/2021\/03\/fotob-1-e1614917054280.jpeg 566w, https:\/\/diarioregionaldigital.com.br\/wp-content\/uploads\/2021\/03\/fotob-1-e1614917054280-300x219.jpeg 300w, https:\/\/diarioregionaldigital.com.br\/wp-content\/uploads\/2021\/03\/fotob-1-e1614917054280-360x263.jpeg 360w\" sizes=\"auto, (max-width: 680px) 100vw, 680px\" \/><p id=\"caption-attachment-178969\" class=\"wp-caption-text\">Os lindos irm\u00e3os Fellipe Ede e Em\u00edllia Ede, em momento carinho total<\/p><\/div>\n<div id=\"attachment_178970\" style=\"width: 690px\" class=\"wp-caption aligncenter\"><img loading=\"lazy\" decoding=\"async\" aria-describedby=\"caption-attachment-178970\" class=\"wp-image-178970\" src=\"https:\/\/diarioregionaldigital.com.br\/wp-content\/uploads\/2021\/03\/fotobb-1-e1614917205768.jpeg\" alt=\"\" width=\"680\" height=\"480\" srcset=\"https:\/\/diarioregionaldigital.com.br\/wp-content\/uploads\/2021\/03\/fotobb-1-e1614917205768.jpeg 787w, https:\/\/diarioregionaldigital.com.br\/wp-content\/uploads\/2021\/03\/fotobb-1-e1614917205768-300x212.jpeg 300w, https:\/\/diarioregionaldigital.com.br\/wp-content\/uploads\/2021\/03\/fotobb-1-e1614917205768-768x543.jpeg 768w, https:\/\/diarioregionaldigital.com.br\/wp-content\/uploads\/2021\/03\/fotobb-1-e1614917205768-750x530.jpeg 750w, https:\/\/diarioregionaldigital.com.br\/wp-content\/uploads\/2021\/03\/fotobb-1-e1614917205768-360x254.jpeg 360w, https:\/\/diarioregionaldigital.com.br\/wp-content\/uploads\/2021\/03\/fotobb-1-e1614917205768-100x70.jpeg 100w\" sizes=\"auto, (max-width: 680px) 100vw, 680px\" \/><p id=\"caption-attachment-178970\" class=\"wp-caption-text\">A artista pl\u00e1stica Nequitz Miguel sendo vacinada no Rio de Janeiro. Merece<\/p><\/div>\n<div id=\"attachment_178971\" style=\"width: 690px\" class=\"wp-caption aligncenter\"><img loading=\"lazy\" decoding=\"async\" aria-describedby=\"caption-attachment-178971\" class=\"wp-image-178971\" src=\"https:\/\/diarioregionaldigital.com.br\/wp-content\/uploads\/2021\/03\/fotoc-2-e1614917182581.jpg\" alt=\"\" width=\"680\" height=\"549\" srcset=\"https:\/\/diarioregionaldigital.com.br\/wp-content\/uploads\/2021\/03\/fotoc-2-e1614917182581.jpg 719w, https:\/\/diarioregionaldigital.com.br\/wp-content\/uploads\/2021\/03\/fotoc-2-e1614917182581-300x242.jpg 300w, https:\/\/diarioregionaldigital.com.br\/wp-content\/uploads\/2021\/03\/fotoc-2-e1614917182581-360x290.jpg 360w\" sizes=\"auto, (max-width: 680px) 100vw, 680px\" \/><p id=\"caption-attachment-178971\" class=\"wp-caption-text\">A eleg\u00e2ncia de pai para filho reunindo Jos\u00e9 Luiz Soares de Oliveira e Paulo C\u00e9sar Avelar<\/p><\/div>\n<div id=\"attachment_178973\" style=\"width: 690px\" class=\"wp-caption aligncenter\"><img loading=\"lazy\" decoding=\"async\" aria-describedby=\"caption-attachment-178973\" class=\"wp-image-178973\" src=\"https:\/\/diarioregionaldigital.com.br\/wp-content\/uploads\/2021\/03\/fotof-e1614917264902.jpeg\" alt=\"\" width=\"680\" height=\"489\" srcset=\"https:\/\/diarioregionaldigital.com.br\/wp-content\/uploads\/2021\/03\/fotof-e1614917264902.jpeg 763w, https:\/\/diarioregionaldigital.com.br\/wp-content\/uploads\/2021\/03\/fotof-e1614917264902-300x216.jpeg 300w, https:\/\/diarioregionaldigital.com.br\/wp-content\/uploads\/2021\/03\/fotof-e1614917264902-360x259.jpeg 360w\" sizes=\"auto, (max-width: 680px) 100vw, 680px\" \/><p id=\"caption-attachment-178973\" class=\"wp-caption-text\">O maquiador das estrelas Victor Fisch recebeu a modelo e dan\u00e7arina Yasmin Marinho<\/p><\/div>\n<div id=\"attachment_178974\" style=\"width: 690px\" class=\"wp-caption aligncenter\"><img loading=\"lazy\" decoding=\"async\" aria-describedby=\"caption-attachment-178974\" class=\"wp-image-178974\" src=\"https:\/\/diarioregionaldigital.com.br\/wp-content\/uploads\/2021\/03\/fotog-3-e1614917157668.jpg\" alt=\"\" width=\"680\" height=\"483\" srcset=\"https:\/\/diarioregionaldigital.com.br\/wp-content\/uploads\/2021\/03\/fotog-3-e1614917157668.jpg 948w, https:\/\/diarioregionaldigital.com.br\/wp-content\/uploads\/2021\/03\/fotog-3-e1614917157668-300x213.jpg 300w, https:\/\/diarioregionaldigital.com.br\/wp-content\/uploads\/2021\/03\/fotog-3-e1614917157668-768x546.jpg 768w, https:\/\/diarioregionaldigital.com.br\/wp-content\/uploads\/2021\/03\/fotog-3-e1614917157668-360x256.jpg 360w, https:\/\/diarioregionaldigital.com.br\/wp-content\/uploads\/2021\/03\/fotog-3-e1614917157668-100x70.jpg 100w\" sizes=\"auto, (max-width: 680px) 100vw, 680px\" \/><p id=\"caption-attachment-178974\" class=\"wp-caption-text\">Recebendo a dupla Cat Dealers no Privil\u00e9ge B\u00fazios, Oct\u00e1vio Fagundes<\/p><\/div>\n<div id=\"attachment_178975\" style=\"width: 690px\" class=\"wp-caption aligncenter\"><img loading=\"lazy\" decoding=\"async\" aria-describedby=\"caption-attachment-178975\" class=\"wp-image-178975\" src=\"https:\/\/diarioregionaldigital.com.br\/wp-content\/uploads\/2021\/03\/fotoh-3-e1614917237440.jpg\" alt=\"\" width=\"680\" height=\"483\" srcset=\"https:\/\/diarioregionaldigital.com.br\/wp-content\/uploads\/2021\/03\/fotoh-3-e1614917237440.jpg 958w, https:\/\/diarioregionaldigital.com.br\/wp-content\/uploads\/2021\/03\/fotoh-3-e1614917237440-300x213.jpg 300w, https:\/\/diarioregionaldigital.com.br\/wp-content\/uploads\/2021\/03\/fotoh-3-e1614917237440-768x545.jpg 768w, https:\/\/diarioregionaldigital.com.br\/wp-content\/uploads\/2021\/03\/fotoh-3-e1614917237440-360x256.jpg 360w, https:\/\/diarioregionaldigital.com.br\/wp-content\/uploads\/2021\/03\/fotoh-3-e1614917237440-100x70.jpg 100w\" sizes=\"auto, (max-width: 680px) 100vw, 680px\" \/><p id=\"caption-attachment-178975\" class=\"wp-caption-text\">O ver\u00e3o do isolamento de Jurinha Martins<\/p><\/div>\n<div id=\"attachment_178976\" style=\"width: 690px\" class=\"wp-caption aligncenter\"><img loading=\"lazy\" decoding=\"async\" aria-describedby=\"caption-attachment-178976\" class=\"wp-image-178976\" src=\"https:\/\/diarioregionaldigital.com.br\/wp-content\/uploads\/2021\/03\/fotoi-1-e1614917082336.jpg\" alt=\"\" width=\"680\" height=\"502\" srcset=\"https:\/\/diarioregionaldigital.com.br\/wp-content\/uploads\/2021\/03\/fotoi-1-e1614917082336.jpg 465w, https:\/\/diarioregionaldigital.com.br\/wp-content\/uploads\/2021\/03\/fotoi-1-e1614917082336-300x221.jpg 300w, https:\/\/diarioregionaldigital.com.br\/wp-content\/uploads\/2021\/03\/fotoi-1-e1614917082336-360x266.jpg 360w\" sizes=\"auto, (max-width: 680px) 100vw, 680px\" \/><p id=\"caption-attachment-178976\" class=\"wp-caption-text\">Aniversariando hoje (5) a bonita e competente cabelereira, Cecilia Faza<\/p><\/div>\n<div id=\"attachment_178972\" style=\"width: 690px\" class=\"wp-caption aligncenter\"><img loading=\"lazy\" decoding=\"async\" aria-describedby=\"caption-attachment-178972\" class=\"wp-image-178972\" src=\"https:\/\/diarioregionaldigital.com.br\/wp-content\/uploads\/2021\/03\/fotod-3-e1614917134736.jpg\" alt=\"\" width=\"680\" height=\"483\" srcset=\"https:\/\/diarioregionaldigital.com.br\/wp-content\/uploads\/2021\/03\/fotod-3-e1614917134736.jpg 952w, https:\/\/diarioregionaldigital.com.br\/wp-content\/uploads\/2021\/03\/fotod-3-e1614917134736-300x213.jpg 300w, https:\/\/diarioregionaldigital.com.br\/wp-content\/uploads\/2021\/03\/fotod-3-e1614917134736-768x545.jpg 768w, https:\/\/diarioregionaldigital.com.br\/wp-content\/uploads\/2021\/03\/fotod-3-e1614917134736-360x256.jpg 360w, https:\/\/diarioregionaldigital.com.br\/wp-content\/uploads\/2021\/03\/fotod-3-e1614917134736-100x70.jpg 100w\" sizes=\"auto, (max-width: 680px) 100vw, 680px\" \/><p id=\"caption-attachment-178972\" class=\"wp-caption-text\">Trinca de campe\u00f5es visitando esta coluna Paulo Roberto Lopes, Cesar Romero, Jorge Montessi, S\u00e9rgio Bara, Luiz Carlos Lyra e Cac\u00e1 Salermo<\/p><\/div>\n<p style=\"text-align: center;\"><strong>FOTOSS\u00cdNTESE<\/strong><\/p>\n<p>Em sintonia com o feminino, duas lives e um semin\u00e1rio, tendo como tema o enfrentamento da pandemia da Covid-19, v\u00e3o marcar, este ano, as a\u00e7\u00f5es da Assembleia Legislativa pela passagem do Dia Internacional da Mulher.<\/p>\n<p>Ap\u00f3s decreto autorizar, os parques p\u00fablicos gerados pelo Munic\u00edpio passam por readequa\u00e7\u00f5es para serem reabertos.<\/p>\n<p>Com vagas limitadas, o Sebrae Minas vai promover a semana da mulher, com foco no empreendedorismo e pr\u00e1ticas de gest\u00e3o. Ser\u00e1 de 8 a 12 de mar\u00e7o. O evento ser\u00e1 on-line.<\/p>\n<p>Vestindo a camisa, uma equipe de capta\u00e7\u00e3o de recursos do Fundo das Na\u00e7\u00f5es Unidas para a inf\u00e2ncia (Unicef) esteve em Juiz de Fora para arrecadar doa\u00e7\u00f5es voltadas para a sa\u00fade, educa\u00e7\u00e3o e prote\u00e7\u00e3o das crian\u00e7as.<\/p>\n<p>A escolinha de v\u00f4lei do Bom Pastor est\u00e1 oferecendo bolsas para alunos da rede p\u00fablica. As inscri\u00e7\u00f5es para o processo seletivo devem ser feitas at\u00e9 o dia 28 de mar\u00e7o. Meninos e meninas entre 11 e 16 anos podem participar.<\/p>\n<p>Bonita e cheirosa, Ana Moura passou e deu aquele al\u00f3.<\/p>\n<p>Dica: Para presentear no Dia da Mulher (8), os finos chocolates, da Sang\u00ea, no Mister Shopping 1\u00ba piso.<\/p>\n<p>Futuro: uma das possibilidades estudada pelos \u00f3rg\u00e3os competentes e transformar o atual pr\u00e9dio da C\u00e2mara Municipal em Museu, ap\u00f3s transfer\u00eancia do Legislativo para o edif\u00edcio onde hoje funciona o Forum.<\/p>\n<p>Linda e loura, Emilayne Wernecck Miss Continente Brasil vai concorrer ao Miss internacional Teen 2021, agendado para junho no formato on-line e presencial no Egito.<\/p>\n<p>Eu avisei: Quem n\u00e3o d\u00e1 aten\u00e7\u00e3o, vira segunda op\u00e7\u00e3o. Bom dia.<\/p>\n<p><img loading=\"lazy\" decoding=\"async\" class=\"aligncenter size-full wp-image-178977\" src=\"https:\/\/diarioregionaldigital.com.br\/wp-content\/uploads\/2021\/03\/anuncio67-scaled.jpg\" alt=\"\" width=\"2560\" height=\"971\" srcset=\"https:\/\/diarioregionaldigital.com.br\/wp-content\/uploads\/2021\/03\/anuncio67-scaled.jpg 2560w, https:\/\/diarioregionaldigital.com.br\/wp-content\/uploads\/2021\/03\/anuncio67-300x114.jpg 300w, https:\/\/diarioregionaldigital.com.br\/wp-content\/uploads\/2021\/03\/anuncio67-1024x389.jpg 1024w, https:\/\/diarioregionaldigital.com.br\/wp-content\/uploads\/2021\/03\/anuncio67-768x291.jpg 768w, https:\/\/diarioregionaldigital.com.br\/wp-content\/uploads\/2021\/03\/anuncio67-1536x583.jpg 1536w, https:\/\/diarioregionaldigital.com.br\/wp-content\/uploads\/2021\/03\/anuncio67-2048x777.jpg 2048w, https:\/\/diarioregionaldigital.com.br\/wp-content\/uploads\/2021\/03\/anuncio67-360x137.jpg 360w\" sizes=\"auto, (max-width: 2560px) 100vw, 2560px\" \/><\/p>\n","protected":false},"excerpt":{"rendered":"<p>Mais Acess\u00edvel Em boa hora vai surgindo outro passo em prol da inclus\u00e3o. O grupo Prada se juntou ao The Valuable 500, comunidade global cuja miss\u00e3o \u00e9 tornar as empresas mais acess\u00edveis \u00e0s pessoas com defici\u00eancia. o primeiro compromisso firmado pela grife \u00e9 contratar indiv\u00edduos com s\u00edndrome de Down em sua loja de varejo italiano. [&hellip;]<\/p>\n","protected":false},"author":96,"featured_media":178985,"comment_status":"closed","ping_status":"closed","sticky":false,"template":"","format":"standard","meta":{"footnotes":""},"categories":[264],"tags":[],"class_list":["post-178980","post","type-post","status-publish","format-standard","has-post-thumbnail","hentry","category-eduardo-gomes"],"_links":{"self":[{"href":"https:\/\/diarioregionaldigital.com.br\/index.php?rest_route=\/wp\/v2\/posts\/178980","targetHints":{"allow":["GET"]}}],"collection":[{"href":"https:\/\/diarioregionaldigital.com.br\/index.php?rest_route=\/wp\/v2\/posts"}],"about":[{"href":"https:\/\/diarioregionaldigital.com.br\/index.php?rest_route=\/wp\/v2\/types\/post"}],"author":[{"embeddable":true,"href":"https:\/\/diarioregionaldigital.com.br\/index.php?rest_route=\/wp\/v2\/users\/96"}],"replies":[{"embeddable":true,"href":"https:\/\/diarioregionaldigital.com.br\/index.php?rest_route=%2Fwp%2Fv2%2Fcomments&post=178980"}],"version-history":[{"count":0,"href":"https:\/\/diarioregionaldigital.com.br\/index.php?rest_route=\/wp\/v2\/posts\/178980\/revisions"}],"wp:featuredmedia":[{"embeddable":true,"href":"https:\/\/diarioregionaldigital.com.br\/index.php?rest_route=\/wp\/v2\/media\/178985"}],"wp:attachment":[{"href":"https:\/\/diarioregionaldigital.com.br\/index.php?rest_route=%2Fwp%2Fv2%2Fmedia&parent=178980"}],"wp:term":[{"taxonomy":"category","embeddable":true,"href":"https:\/\/diarioregionaldigital.com.br\/index.php?rest_route=%2Fwp%2Fv2%2Fcategories&post=178980"},{"taxonomy":"post_tag","embeddable":true,"href":"https:\/\/diarioregionaldigital.com.br\/index.php?rest_route=%2Fwp%2Fv2%2Ftags&post=178980"}],"curies":[{"name":"wp","href":"https:\/\/api.w.org\/{rel}","templated":true}]}}