{"id":178963,"date":"2021-03-04T19:07:58","date_gmt":"2021-03-04T22:07:58","guid":{"rendered":"https:\/\/diarioregionaldigital.com.br\/?p=178963"},"modified":"2021-03-04T19:07:58","modified_gmt":"2021-03-04T22:07:58","slug":"estado-notifica-mais-de-7-mil-novos-casos-por-covid-19","status":"publish","type":"post","link":"https:\/\/diarioregionaldigital.com.br\/?p=178963","title":{"rendered":"Estado notifica mais de 7 mil novos casos por Covid-19"},"content":{"rendered":"<p>O novo\u00a0<a href=\"https:\/\/www.saude.mg.gov.br\/images\/noticias_e_eventos\/000_2021\/25.02.21COVID-19%20-%20BOLETIM.pdf\">boletim epidemiol\u00f3gico\u00a0<\/a>publicado nesta quinta-feira (04), pela Secretaria de Estado da Sa\u00fade de Minas Gerais (SES-MG), informa que nas \u00faltimas 24h, o estado registrou mais 7.890 novos casos por Coronav\u00edrus, totalizando 901.535 pessoas infectadas. Conforme o levantamento, foram contabilizadas mais 160 mortes, acumulando 19.032 vidas perdidas.<\/p>\n<p>Al\u00e9m disso, 821.678 pacientes est\u00e3o recuperados da doen\u00e7a, representando 91,14% dos casos. Quanto aos dados de hospitaliza\u00e7\u00e3o, 73.081 pacientes est\u00e3o internados e 828.454 est\u00e3o em isolamento domiciliar. At\u00e9 o momento, 607.430 pessoas receberam a primeira dose da vacina e 287.971 a segunda.<\/p>\n","protected":false},"excerpt":{"rendered":"<p>O novo\u00a0boletim epidemiol\u00f3gico\u00a0publicado nesta quinta-feira (04), pela Secretaria de Estado da Sa\u00fade de Minas Gerais (SES-MG), informa que nas \u00faltimas 24h, o estado registrou mais 7.890 novos casos por Coronav\u00edrus, totalizando 901.535 pessoas infectadas. Conforme o levantamento, foram contabilizadas mais 160 mortes, acumulando 19.032 vidas perdidas. Al\u00e9m disso, 821.678 pacientes est\u00e3o recuperados da doen\u00e7a, representando [&hellip;]<\/p>\n","protected":false},"author":246,"featured_media":178964,"comment_status":"closed","ping_status":"closed","sticky":false,"template":"","format":"standard","meta":{"footnotes":""},"categories":[262,252,439],"tags":[],"class_list":["post-178963","post","type-post","status-publish","format-standard","has-post-thumbnail","hentry","category-noticias","category-regiao","category-ultima-hora"],"_links":{"self":[{"href":"https:\/\/diarioregionaldigital.com.br\/index.php?rest_route=\/wp\/v2\/posts\/178963","targetHints":{"allow":["GET"]}}],"collection":[{"href":"https:\/\/diarioregionaldigital.com.br\/index.php?rest_route=\/wp\/v2\/posts"}],"about":[{"href":"https:\/\/diarioregionaldigital.com.br\/index.php?rest_route=\/wp\/v2\/types\/post"}],"author":[{"embeddable":true,"href":"https:\/\/diarioregionaldigital.com.br\/index.php?rest_route=\/wp\/v2\/users\/246"}],"replies":[{"embeddable":true,"href":"https:\/\/diarioregionaldigital.com.br\/index.php?rest_route=%2Fwp%2Fv2%2Fcomments&post=178963"}],"version-history":[{"count":0,"href":"https:\/\/diarioregionaldigital.com.br\/index.php?rest_route=\/wp\/v2\/posts\/178963\/revisions"}],"wp:featuredmedia":[{"embeddable":true,"href":"https:\/\/diarioregionaldigital.com.br\/index.php?rest_route=\/wp\/v2\/media\/178964"}],"wp:attachment":[{"href":"https:\/\/diarioregionaldigital.com.br\/index.php?rest_route=%2Fwp%2Fv2%2Fmedia&parent=178963"}],"wp:term":[{"taxonomy":"category","embeddable":true,"href":"https:\/\/diarioregionaldigital.com.br\/index.php?rest_route=%2Fwp%2Fv2%2Fcategories&post=178963"},{"taxonomy":"post_tag","embeddable":true,"href":"https:\/\/diarioregionaldigital.com.br\/index.php?rest_route=%2Fwp%2Fv2%2Ftags&post=178963"}],"curies":[{"name":"wp","href":"https:\/\/api.w.org\/{rel}","templated":true}]}}