{"id":178960,"date":"2021-03-04T18:44:22","date_gmt":"2021-03-04T21:44:22","guid":{"rendered":"https:\/\/diarioregionaldigital.com.br\/?p=178960"},"modified":"2021-03-04T18:44:22","modified_gmt":"2021-03-04T21:44:22","slug":"selecao-brasileira-disputa-o-pre-olimpico-e-o-sul-americano-de-remo","status":"publish","type":"post","link":"https:\/\/diarioregionaldigital.com.br\/?p=178960","title":{"rendered":"Sele\u00e7\u00e3o Brasileira disputa o Pr\u00e9-Ol\u00edmpico e o Sul-Americano de remo"},"content":{"rendered":"<p>Mais de 150 atletas do Brasil e das Am\u00e9ricas do Sul e Central se re\u00fanem a partir desta quinta-feira (4.03) no Est\u00e1dio de Remo da Lagoa Rodrigo de Freitas, no Rio de Janeiro, para as disputas do Pr\u00e9-Ol\u00edmpico continental e do Sul-Americano de Remo.<\/p>\n<p>At\u00e9 o pr\u00f3ximo s\u00e1bado, a luta ser\u00e1 em busca do passaporte ol\u00edmpico em quatro categorias. Nas provas individuais (Single Skiff), o Brasil ser\u00e1 representado por Beatriz C. Tavarez Cardoso e Lucas Verthein Ferreira. No duplo skiff, as equipes ser\u00e3o compostas por Vanessa Cozzi de Castro\u00a0e Isabelle Falck Camargos, no feminino, e por Evaldo Mathias Becker Morais e Emanuel Dantas Borges, no masculino.<\/p>\n<p>Pelas regras ol\u00edmpicas, cada pa\u00eds pode inscrever at\u00e9 um barco por categoria. O calend\u00e1rio seletivo que teve in\u00edcio em 2019 e ser\u00e1 retomado agora, no Rio, tamb\u00e9m prev\u00ea janelas pr\u00e9-ol\u00edmpicas de outros continentes e uma competi\u00e7\u00e3o de car\u00e1ter mundial em Lucerna, na Su\u00ed\u00e7a, em maio.<\/p>\n<p>O Pr\u00e9-Ol\u00edmpico do Brasil reabre as competi\u00e7\u00f5es depois de mais de um ano de paralisa\u00e7\u00f5es em fun\u00e7\u00e3o da pandemia do novo coronav\u00edrus. As provas foram adiadas tr\u00eas vezes e para este evento foi criado um protocolo de seguran\u00e7a para evitar o cont\u00e1gio. O evento ocorrer\u00e1 sem a presen\u00e7a do p\u00fablico.<\/p>\n<p>O Sul-Americano, nos dias 9 e 10 de mar\u00e7o, tamb\u00e9m ser\u00e1 sem p\u00fablico, com finais das 9h \u00e0s 12h. As competi\u00e7\u00f5es ser\u00e3o transmitidas ao vivo pelo canal de streaming do Comit\u00ea Ol\u00edmpico Brasileiro:\u00a0<strong><a class=\"external-link\" title=\"\" href=\"http:\/\/www.canalolimpicodobrasil.com.br\/\" target=\"_blank\" rel=\"noopener\">www.canalolimpicodobrasil.com.br<\/a><\/strong>. A TV Brasil anuncia a transmiss\u00e3o das finais no s\u00e1bado.<\/p>\n<p>Nos Jogos Ol\u00edmpicos de T\u00f3quio, as competi\u00e7\u00f5es de remo ser\u00e3o realizadas entre 23 e 30 de julho de 2021, na estrutura batizada de Sea Forest Waterway. Ser\u00e3o 526 remadores em 14 provas (sete masculinas e sete femininas). O programa prev\u00ea provas individuais, em dupla e em embarca\u00e7\u00f5es para quatro e oito atletas, tanto no masculino quanto no feminino. O percurso padr\u00e3o \u00e9 de 2.000 metros.<\/p>\n<p><strong>Parceria federal<\/strong><\/p>\n<p>Uma parceria entre a Secretaria Especial do Esporte do Minist\u00e9rio da Cidadania e a Confedera\u00e7\u00e3o Brasileira de Remo ajudou a viabilizar os dois eventos. O investimento previsto na parceria com a Secretaria Nacional de Alto Rendimento \u00e9 de R$ 1,1 milh\u00e3o, para despesas como loca\u00e7\u00f5es de barcos a motor, estrutura flutuante, servi\u00e7os m\u00e9dicos, medidas sanit\u00e1rias, seguran\u00e7a, limpeza, divulga\u00e7\u00e3o, al\u00e9m da contrata\u00e7\u00e3o de servi\u00e7os de cronometragem especializada, hospedagem, acomoda\u00e7\u00f5es, alimenta\u00e7\u00e3o, loca\u00e7\u00e3o de alimentos e mobili\u00e1rios e contrata\u00e7\u00e3o de recursos humanos.<\/p>\n<p><span style=\"font-weight: 400;\">Fonte: Rede do Esporte <\/span><\/p>\n","protected":false},"excerpt":{"rendered":"<p>Mais de 150 atletas do Brasil e das Am\u00e9ricas do Sul e Central se re\u00fanem a partir desta quinta-feira (4.03) no Est\u00e1dio de Remo da Lagoa Rodrigo de Freitas, no Rio de Janeiro, para as disputas do Pr\u00e9-Ol\u00edmpico continental e do Sul-Americano de Remo. At\u00e9 o pr\u00f3ximo s\u00e1bado, a luta ser\u00e1 em busca do passaporte [&hellip;]<\/p>\n","protected":false},"author":246,"featured_media":178961,"comment_status":"closed","ping_status":"closed","sticky":false,"template":"","format":"standard","meta":{"footnotes":""},"categories":[257],"tags":[],"class_list":["post-178960","post","type-post","status-publish","format-standard","has-post-thumbnail","hentry","category-esporte"],"_links":{"self":[{"href":"https:\/\/diarioregionaldigital.com.br\/index.php?rest_route=\/wp\/v2\/posts\/178960","targetHints":{"allow":["GET"]}}],"collection":[{"href":"https:\/\/diarioregionaldigital.com.br\/index.php?rest_route=\/wp\/v2\/posts"}],"about":[{"href":"https:\/\/diarioregionaldigital.com.br\/index.php?rest_route=\/wp\/v2\/types\/post"}],"author":[{"embeddable":true,"href":"https:\/\/diarioregionaldigital.com.br\/index.php?rest_route=\/wp\/v2\/users\/246"}],"replies":[{"embeddable":true,"href":"https:\/\/diarioregionaldigital.com.br\/index.php?rest_route=%2Fwp%2Fv2%2Fcomments&post=178960"}],"version-history":[{"count":0,"href":"https:\/\/diarioregionaldigital.com.br\/index.php?rest_route=\/wp\/v2\/posts\/178960\/revisions"}],"wp:featuredmedia":[{"embeddable":true,"href":"https:\/\/diarioregionaldigital.com.br\/index.php?rest_route=\/wp\/v2\/media\/178961"}],"wp:attachment":[{"href":"https:\/\/diarioregionaldigital.com.br\/index.php?rest_route=%2Fwp%2Fv2%2Fmedia&parent=178960"}],"wp:term":[{"taxonomy":"category","embeddable":true,"href":"https:\/\/diarioregionaldigital.com.br\/index.php?rest_route=%2Fwp%2Fv2%2Fcategories&post=178960"},{"taxonomy":"post_tag","embeddable":true,"href":"https:\/\/diarioregionaldigital.com.br\/index.php?rest_route=%2Fwp%2Fv2%2Ftags&post=178960"}],"curies":[{"name":"wp","href":"https:\/\/api.w.org\/{rel}","templated":true}]}}