{"id":178957,"date":"2021-03-04T18:39:22","date_gmt":"2021-03-04T21:39:22","guid":{"rendered":"https:\/\/diarioregionaldigital.com.br\/?p=178957"},"modified":"2021-03-04T18:39:22","modified_gmt":"2021-03-04T21:39:22","slug":"corte-alema-adia-veredito-de-acao-de-andre-brasil-por-reclassificacao","status":"publish","type":"post","link":"https:\/\/diarioregionaldigital.com.br\/?p=178957","title":{"rendered":"Corte alem\u00e3 adia veredito de a\u00e7\u00e3o de Andr\u00e9 Brasil por reclassifica\u00e7\u00e3o"},"content":{"rendered":"<p>O veredito da a\u00e7\u00e3o que o nadador Andr\u00e9 Brasil move contra o Comit\u00ea Paral\u00edmpico Internacional (IPC, sigla em ingl\u00eas) seria divulgado na \u00faltima ter\u00e7a-feira (2), mas a Corte Regional de Col\u00f4nia (Alemanha), que analisa o caso, adiou a resposta em mais uma semana. H\u00e1 cerca de dois anos, o campe\u00e3o paral\u00edmpico e mundial foi considerado ineleg\u00edvel para competir entre atletas com defici\u00eancia nas provas em que \u00e9 especialista. O IPC ainda n\u00e3o se pronunciou sobre o caso.<img decoding=\"async\" src=\"https:\/\/agenciabrasil.ebc.com.br\/ebc.png?id=1402922&amp;o=node\" \/><img decoding=\"async\" src=\"https:\/\/agenciabrasil.ebc.com.br\/ebc.gif?id=1402922&amp;o=node\" \/><\/p>\n<p>\u201cEstou esperan\u00e7oso para que a justi\u00e7a, de certa forma, seja feita e entendam que estamos falando de um sistema subjetivo, de um esporte que caminha a passos curtos na classifica\u00e7\u00e3o [funcional]\u201d, diz Andr\u00e9, em entrevista \u00e0\u00a0<strong>Ag\u00eancia Brasil<\/strong>.<\/p>\n<p>A classifica\u00e7\u00e3o a que se refere o nadador \u00e9 o que define a categoria do atleta no esporte adaptado e se o grau de defici\u00eancia o torna apto a competir nas modalidades paral\u00edmpicas. As classes de 1 a 10 (entre as 14 da nata\u00e7\u00e3o) s\u00e3o voltadas a deficientes f\u00edsico-motores. Andr\u00e9 era da classe S (do ingl\u00eas\u00a0<em>swimming<\/em>) 10, a de menor comprometimento. Ele teve poliomielite aos dois meses de vida ap\u00f3s rea\u00e7\u00e3o \u00e0 vacina e teve sequelas na perna esquerda, mesmo depois de oito anos em hospitais e sete cirurgias.<\/p>\n<p>Em abril de 2019, Andr\u00e9 passou por uma reclassifica\u00e7\u00e3o (a primeira ap\u00f3s mudan\u00e7as nas regras de avalia\u00e7\u00e3o definidas em 2018) antes de uma competi\u00e7\u00e3o internacional em S\u00e3o Paulo. A an\u00e1lise de duas bancas de especialistas n\u00e3o o considerou apto \u00e0 classe S10 nos nados livre, costas e borboleta. Como n\u00e3o h\u00e1 categoria acima, o brasileiro ficou ineleg\u00edvel, com exce\u00e7\u00e3o das provas de nado peito (que n\u00e3o \u00e9 a especialidade dele), ap\u00f3s 14 anos de carreira, 14 p\u00f3dios paral\u00edmpicos, 32 mundiais e 21 parapan-americanos.<\/p>\n<p>Na nata\u00e7\u00e3o, os atletas s\u00e3o submetidos a avalia\u00e7\u00f5es fora e dentro da \u00e1gua e recebem uma pontua\u00e7\u00e3o que pode chegar a 300, que representa uma pessoa sem defici\u00eancia de locomo\u00e7\u00e3o. Para ser considerado apto \u00e0s provas paral\u00edmpicas, o nadador pode somar, no m\u00e1ximo, 285 pontos. Andr\u00e9, na reclassifica\u00e7\u00e3o de 2019, obteve um ponto a mais.<\/p>\n<p>\u201cTive a pontua\u00e7\u00e3o necess\u00e1ria [para seguir na classe S10] fora da \u00e1gua. Por conta de um movimento no tornozelo [na perna esquerda, dentro da \u00e1gua], de zero a cinco pontos [poss\u00edveis], recebi tr\u00eas. Isso deu um ponto a mais, que me tira do esporte. Um ponto pelo olho nu de algu\u00e9m. Quando trago para a ci\u00eancia, exames em m\u00e1quinas espec\u00edficas mostram que o mesmo movimento \u00e9 nulo [comparado ao de nadadores sem defici\u00eancia]. Se \u00e9 nulo, \u00e9 zero. N\u00e3o tenho movimento de lateralidade [no p\u00e9]\u201d, afirma Andr\u00e9.<\/p>\n<p>\u201cNos meus primeiros Jogos [Paral\u00edmpicos, em Pequim, na China] em 2008, nadei para 51 segundos nos 100 metros nado livre. Foram mais ou menos dois, tr\u00eas segundos de vantagem para o segundo. Dois ciclos depois, a gente tinha cinco, seis, atletas nadando na casa dos 51 segundos. Minha defici\u00eancia n\u00e3o mudou. Estou sendo julgado em cima de uma habilidade constru\u00edda no esporte, n\u00e3o na defici\u00eancia. Ningu\u00e9m me explicou, cientificamente, porque estou fora\u201d, completa.<\/p>\n<p>O Comit\u00ea Paral\u00edmpico Brasileiro (CPB), que apoia Andr\u00e9 na a\u00e7\u00e3o, manifestou-se por nota. A entidade argumenta que \u201co procedimento de mudan\u00e7a das regras de classifica\u00e7\u00e3o n\u00e3o foi transparente e nem baseado em crit\u00e9rios cient\u00edficos, o que trouxe na verdade distor\u00e7\u00f5es para o sistema na nata\u00e7\u00e3o, alterando a classe de muitos nadadores\u201d. Cita, tamb\u00e9m, o caso do italiano Francesco Bocciardo, campe\u00e3o e recordista paral\u00edmpico da classe S6 nos 400 metros medley, reclassificado para a classe S5, a mesma do multimedalhista brasileiro Daniel Dias, passando a competir com atletas de maior grau de comprometimento que o dele.<\/p>\n<p>Outro questionamento que CPB e Andr\u00e9 fazem diz respeito \u00e0 presen\u00e7a da chefe de classifica\u00e7\u00e3o do torneio que o nadador disputaria nas duas bancas de especialistas, \u201cinclusive mostrando para a segunda banca a avalia\u00e7\u00e3o feita pela primeira\u201d. O Comit\u00ea entende que houve uma \u201cinterfer\u00eancia indevida\u201d da avaliadora e que ela teria maculado \u201ca independ\u00eancia na avalia\u00e7\u00e3o dos classificadores\u201d, segundo nota da entidade nacional do paradesporto.<\/p>\n<p>\u201cNa minha banca [de classifica\u00e7\u00e3o], as pessoas falaram que olharam minhas documenta\u00e7\u00f5es, [resultados de] exames espec\u00edficos que comprovam a defici\u00eancia. Posteriormente, fizemos avalia\u00e7\u00f5es subaqu\u00e1ticas, onde tivemos gr\u00e1ficos, estudos. Quero ter a oportunidade de ser reclassificado de forma justa e simples. Se vou ou n\u00e3o voltar para o esporte? Tor\u00e7o que sim. Se terei chance de ir \u00e0 [Paralimp\u00edada de] T\u00f3quio [Jap\u00e3o], n\u00e3o sei. Se tiver a oportunidade, vou sonhar em, de repente, pegar uma final. Dar o m\u00e1ximo pelo que fiz a vida inteira. Estou em um limbo h\u00e1 quase dois anos. Esse, talvez, seja o grande inc\u00f4modo interno\u201d, conclui Andr\u00e9.<\/p>\n<p><span style=\"font-weight: 400;\">Fonte: Ag\u00eancia Brasil <\/span><\/p>\n","protected":false},"excerpt":{"rendered":"<p>O veredito da a\u00e7\u00e3o que o nadador Andr\u00e9 Brasil move contra o Comit\u00ea Paral\u00edmpico Internacional (IPC, sigla em ingl\u00eas) seria divulgado na \u00faltima ter\u00e7a-feira (2), mas a Corte Regional de Col\u00f4nia (Alemanha), que analisa o caso, adiou a resposta em mais uma semana. H\u00e1 cerca de dois anos, o campe\u00e3o paral\u00edmpico e mundial foi considerado [&hellip;]<\/p>\n","protected":false},"author":246,"featured_media":178958,"comment_status":"closed","ping_status":"closed","sticky":false,"template":"","format":"standard","meta":{"footnotes":""},"categories":[257],"tags":[],"class_list":["post-178957","post","type-post","status-publish","format-standard","has-post-thumbnail","hentry","category-esporte"],"_links":{"self":[{"href":"https:\/\/diarioregionaldigital.com.br\/index.php?rest_route=\/wp\/v2\/posts\/178957","targetHints":{"allow":["GET"]}}],"collection":[{"href":"https:\/\/diarioregionaldigital.com.br\/index.php?rest_route=\/wp\/v2\/posts"}],"about":[{"href":"https:\/\/diarioregionaldigital.com.br\/index.php?rest_route=\/wp\/v2\/types\/post"}],"author":[{"embeddable":true,"href":"https:\/\/diarioregionaldigital.com.br\/index.php?rest_route=\/wp\/v2\/users\/246"}],"replies":[{"embeddable":true,"href":"https:\/\/diarioregionaldigital.com.br\/index.php?rest_route=%2Fwp%2Fv2%2Fcomments&post=178957"}],"version-history":[{"count":0,"href":"https:\/\/diarioregionaldigital.com.br\/index.php?rest_route=\/wp\/v2\/posts\/178957\/revisions"}],"wp:featuredmedia":[{"embeddable":true,"href":"https:\/\/diarioregionaldigital.com.br\/index.php?rest_route=\/wp\/v2\/media\/178958"}],"wp:attachment":[{"href":"https:\/\/diarioregionaldigital.com.br\/index.php?rest_route=%2Fwp%2Fv2%2Fmedia&parent=178957"}],"wp:term":[{"taxonomy":"category","embeddable":true,"href":"https:\/\/diarioregionaldigital.com.br\/index.php?rest_route=%2Fwp%2Fv2%2Fcategories&post=178957"},{"taxonomy":"post_tag","embeddable":true,"href":"https:\/\/diarioregionaldigital.com.br\/index.php?rest_route=%2Fwp%2Fv2%2Ftags&post=178957"}],"curies":[{"name":"wp","href":"https:\/\/api.w.org\/{rel}","templated":true}]}}