{"id":178950,"date":"2021-03-04T18:22:27","date_gmt":"2021-03-04T21:22:27","guid":{"rendered":"https:\/\/diarioregionaldigital.com.br\/?p=178950"},"modified":"2021-03-04T18:22:27","modified_gmt":"2021-03-04T21:22:27","slug":"primeiro-jogo-do-ano-no-estadio-municipal-marca-estreia-de-loco-abreu-pelo-athletic","status":"publish","type":"post","link":"https:\/\/diarioregionaldigital.com.br\/?p=178950","title":{"rendered":"Primeiro jogo do ano no Est\u00e1dio Municipal marca estreia de Loco Abreu pelo Athletic"},"content":{"rendered":"<p>Na quarta-feira, dia 3, no Est\u00e1dio Municipal Radialista M\u00e1rio Hel\u00eanio, o Athletic de S\u00e3o Jo\u00e3o Del Rei recebeu o Am\u00e9rica em jogo disputado pelo M\u00f3dulo 1 do Campeonato Mineiro. A partida foi realocada para Juiz de Fora, pois o Est\u00e1dio Joaquim Portugal ainda n\u00e3o possui ilumina\u00e7\u00e3o necess\u00e1ria para receber jogos noturnos.<\/p>\n<p>A prefeita Margarida Salom\u00e3o compareceu ao est\u00e1dio e, momentos antes da partida, recebeu uma camisa do Athletic, do jogador uruguaio Loco Abreu, com o simb\u00f3lico n\u00famero 13, usado por ele durante toda sua carreira. Em suas redes sociais, a prefeita agradeceu ao ex-botafoguense e lembrou dos tempos no Glorioso. \u201cAdorei o presente, mas adoraria ainda mais ter aquele Loco Abreu de volta ao meu Botafogo\u201d, disse a prefeita, que \u00e9 Botafoguense declarada.<\/p>\n<p>O estreante da noite, Loco Abreu, tem 44 anos e o Athletic \u00e9 o seu 30\u00b0 clube na carreira. O jogador \u00e9 \u00eddolo do Botafogo e da sele\u00e7\u00e3o uruguaia e chegou ao clube de S\u00e3o Jo\u00e3o Del Rei para disputa do campeonato estadual, que o clube n\u00e3o jogava desde 1970. Come\u00e7ou a partida como titular e teve uma boa chance no come\u00e7o do jogo, mas n\u00e3o conseguiu balan\u00e7ar as redes. O gol do Am\u00e9rica saiu justamente quando o uruguaio j\u00e1 estava no banco, ap\u00f3s jogar aproximadamente um tempo e meio.<\/p>\n<p><b>O jogo<\/b><\/p>\n<p>A partida foi bem disputada, e com equil\u00edbrio no primeiro tempo. J\u00e1 no segundo tempo, o f\u00edsico pesou para o Athletic e o Am\u00e9rica mostrou superioridade. Aos 31 minutos do segundo tempo, em bola cruzada na \u00e1rea, ap\u00f3s escanteio, sobrou para o atacante Rodolfo, que marcou o \u00fanico gol da partida. O clube do interior ainda teve chances para empatar o jogo, mas n\u00e3o conseguiu evitar a derrota.<\/p>\n<p>Para o secret\u00e1rio de Esporte e Lazer, Marcelo Matta, o trabalho conjunto foi primordial para a realiza\u00e7\u00e3o da partida. &#8220;Para o curto prazo que tivemos para adequa\u00e7\u00e3o do est\u00e1dio, para receber esta primeira partida, foi \u00f3timo. De maneira compartilhada, a Prefeitura conseguiu realizar todas as tarefas com Empav, Demlurb, Pr\u00f3-energia atrav\u00e9s da Secretaria de Obras, Secretaria de Comunica\u00e7\u00e3o, PGM, Gabinete da prefeita.<br \/>\nFoi um trabalho coletivo que permitiu o est\u00e1dio estar em condi\u00e7\u00f5es de receber o jogo e, para nossa felicidade, ocorreu da melhor maneira poss\u00edvel&#8221;.<\/p>\n<p>Administrado pela Secretaria de Esporte e Lazer (SEL) da Prefeitura de Juiz de Fora (PJF), essa foi a primeira partida do est\u00e1dio sob a nova gest\u00e3o. O pr\u00f3ximo jogo no Municipal ser\u00e1 na pr\u00f3xima quarta-feira, dia 10, em partida v\u00e1lida pela Copa do Brasil sub-20 entre Tupi x Serra-ES, \u00e0s 15h30. Vale lembrar que todas as partidas est\u00e3o sendo realizadas com os port\u00f5es fechados, em fun\u00e7\u00e3o da pandemia do coronav\u00edrus.<\/p>\n<p>Fonte: Assessoria PJF<\/p>\n","protected":false},"excerpt":{"rendered":"<p>Na quarta-feira, dia 3, no Est\u00e1dio Municipal Radialista M\u00e1rio Hel\u00eanio, o Athletic de S\u00e3o Jo\u00e3o Del Rei recebeu o Am\u00e9rica em jogo disputado pelo M\u00f3dulo 1 do Campeonato Mineiro. A partida foi realocada para Juiz de Fora, pois o Est\u00e1dio Joaquim Portugal ainda n\u00e3o possui ilumina\u00e7\u00e3o necess\u00e1ria para receber jogos noturnos. A prefeita Margarida Salom\u00e3o [&hellip;]<\/p>\n","protected":false},"author":246,"featured_media":178951,"comment_status":"closed","ping_status":"closed","sticky":false,"template":"","format":"standard","meta":{"footnotes":""},"categories":[440,257,439],"tags":[],"class_list":["post-178950","post","type-post","status-publish","format-standard","has-post-thumbnail","hentry","category-destaques-do-dia","category-esporte","category-ultima-hora"],"_links":{"self":[{"href":"https:\/\/diarioregionaldigital.com.br\/index.php?rest_route=\/wp\/v2\/posts\/178950","targetHints":{"allow":["GET"]}}],"collection":[{"href":"https:\/\/diarioregionaldigital.com.br\/index.php?rest_route=\/wp\/v2\/posts"}],"about":[{"href":"https:\/\/diarioregionaldigital.com.br\/index.php?rest_route=\/wp\/v2\/types\/post"}],"author":[{"embeddable":true,"href":"https:\/\/diarioregionaldigital.com.br\/index.php?rest_route=\/wp\/v2\/users\/246"}],"replies":[{"embeddable":true,"href":"https:\/\/diarioregionaldigital.com.br\/index.php?rest_route=%2Fwp%2Fv2%2Fcomments&post=178950"}],"version-history":[{"count":0,"href":"https:\/\/diarioregionaldigital.com.br\/index.php?rest_route=\/wp\/v2\/posts\/178950\/revisions"}],"wp:featuredmedia":[{"embeddable":true,"href":"https:\/\/diarioregionaldigital.com.br\/index.php?rest_route=\/wp\/v2\/media\/178951"}],"wp:attachment":[{"href":"https:\/\/diarioregionaldigital.com.br\/index.php?rest_route=%2Fwp%2Fv2%2Fmedia&parent=178950"}],"wp:term":[{"taxonomy":"category","embeddable":true,"href":"https:\/\/diarioregionaldigital.com.br\/index.php?rest_route=%2Fwp%2Fv2%2Fcategories&post=178950"},{"taxonomy":"post_tag","embeddable":true,"href":"https:\/\/diarioregionaldigital.com.br\/index.php?rest_route=%2Fwp%2Fv2%2Ftags&post=178950"}],"curies":[{"name":"wp","href":"https:\/\/api.w.org\/{rel}","templated":true}]}}