{"id":178945,"date":"2021-03-04T18:13:06","date_gmt":"2021-03-04T21:13:06","guid":{"rendered":"https:\/\/diarioregionaldigital.com.br\/?p=178945"},"modified":"2021-03-05T16:43:32","modified_gmt":"2021-03-05T19:43:32","slug":"pcmg-indicia-suspeito-de-cometer-assedio-e-importunacao-sexual","status":"publish","type":"post","link":"https:\/\/diarioregionaldigital.com.br\/?p=178945","title":{"rendered":"PCMG indicia suspeito de cometer ass\u00e9dio e importuna\u00e7\u00e3o sexual"},"content":{"rendered":"<p>A Pol\u00edcia Civil de Minas Gerais concluiu a investiga\u00e7\u00e3o que apurou den\u00fancia de suposta pr\u00e1tica de importuna\u00e7\u00e3o sexual em desfavor de uma mulher de 42 anos, no munic\u00edpio de Juiz de Fora, na Zona da Mata mineira. Ap\u00f3s apura\u00e7\u00f5es realizadas pela Delegacia Especializada de Atendimento \u00e0 Mulher, um m\u00e9dico de 50 anos foi indiciado, suspeito de cometer importuna\u00e7\u00e3o sexual e ass\u00e9dio.<\/p>\n<p>Conforme informa\u00e7\u00f5es da delegada Ione Barbosa, a v\u00edtima \u00e9 enfermeira e j\u00e1 estaria sofrendo com o abuso &#8211; ocorrido em um hospital &#8211; h\u00e1 cerca de dois anos. Em fevereiro, ela procurou a unidade policial para denunciar o caso. \u201cE foi at\u00e9 a Delegacia, depois que ele agarrou a v\u00edtima no elevador. Depois, no mesmo dia, o homem chegou a agarrar a mulher novamente e apertou seus seios. Ela conseguiu se desvencilhar, mas, em outra sala que ela estava trabalhando, o suspeito deu um tapa na bunda dela, momento em que as c\u00e2meras existentes no local flagraram esse ato\u201d, explica.<\/p>\n<p>Ainda segundo a delegada, durante a apura\u00e7\u00e3o, foram realizados diversos inqu\u00e9ritos, inclusive, da v\u00edtima e o v\u00eddeo foi submetido \u00e0 per\u00edcia, resultando na conclus\u00e3o de mais um caso pela Pol\u00edcia Civil. \u201cQue isso sirva de exemplo para encorajar todas as mulheres que se encontram nessa situa\u00e7\u00e3o\u201d, conclui, refor\u00e7ando a import\u00e2ncia das den\u00fancias.<\/p>\n<p><span style=\"font-weight: 400;\">Fonte: Divulga\u00e7\u00e3o\/PCMG<\/span><\/p>\n","protected":false},"excerpt":{"rendered":"<p>A Pol\u00edcia Civil de Minas Gerais concluiu a investiga\u00e7\u00e3o que apurou den\u00fancia de suposta pr\u00e1tica de importuna\u00e7\u00e3o sexual em desfavor de uma mulher de 42 anos, no munic\u00edpio de Juiz de Fora, na Zona da Mata mineira. Ap\u00f3s apura\u00e7\u00f5es realizadas pela Delegacia Especializada de Atendimento \u00e0 Mulher, um m\u00e9dico de 50 anos foi indiciado, suspeito [&hellip;]<\/p>\n","protected":false},"author":246,"featured_media":178583,"comment_status":"closed","ping_status":"closed","sticky":false,"template":"","format":"standard","meta":{"footnotes":""},"categories":[301,440,1229,439],"tags":[],"class_list":["post-178945","post","type-post","status-publish","format-standard","has-post-thumbnail","hentry","category-artigos-policiais","category-destaques-do-dia","category-policial","category-ultima-hora"],"_links":{"self":[{"href":"https:\/\/diarioregionaldigital.com.br\/index.php?rest_route=\/wp\/v2\/posts\/178945","targetHints":{"allow":["GET"]}}],"collection":[{"href":"https:\/\/diarioregionaldigital.com.br\/index.php?rest_route=\/wp\/v2\/posts"}],"about":[{"href":"https:\/\/diarioregionaldigital.com.br\/index.php?rest_route=\/wp\/v2\/types\/post"}],"author":[{"embeddable":true,"href":"https:\/\/diarioregionaldigital.com.br\/index.php?rest_route=\/wp\/v2\/users\/246"}],"replies":[{"embeddable":true,"href":"https:\/\/diarioregionaldigital.com.br\/index.php?rest_route=%2Fwp%2Fv2%2Fcomments&post=178945"}],"version-history":[{"count":0,"href":"https:\/\/diarioregionaldigital.com.br\/index.php?rest_route=\/wp\/v2\/posts\/178945\/revisions"}],"wp:featuredmedia":[{"embeddable":true,"href":"https:\/\/diarioregionaldigital.com.br\/index.php?rest_route=\/wp\/v2\/media\/178583"}],"wp:attachment":[{"href":"https:\/\/diarioregionaldigital.com.br\/index.php?rest_route=%2Fwp%2Fv2%2Fmedia&parent=178945"}],"wp:term":[{"taxonomy":"category","embeddable":true,"href":"https:\/\/diarioregionaldigital.com.br\/index.php?rest_route=%2Fwp%2Fv2%2Fcategories&post=178945"},{"taxonomy":"post_tag","embeddable":true,"href":"https:\/\/diarioregionaldigital.com.br\/index.php?rest_route=%2Fwp%2Fv2%2Ftags&post=178945"}],"curies":[{"name":"wp","href":"https:\/\/api.w.org\/{rel}","templated":true}]}}