{"id":178942,"date":"2021-03-04T17:55:18","date_gmt":"2021-03-04T20:55:18","guid":{"rendered":"https:\/\/diarioregionaldigital.com.br\/?p=178942"},"modified":"2021-03-04T17:55:18","modified_gmt":"2021-03-04T20:55:18","slug":"idosos-de-85-a-87-anos-comecam-a-ser-vacinados-nesta-sexta-dia-5","status":"publish","type":"post","link":"https:\/\/diarioregionaldigital.com.br\/?p=178942","title":{"rendered":"Idosos de 85 a 87 anos come\u00e7am a ser vacinados nesta sexta, dia 5"},"content":{"rendered":"<p>A Prefeitura de Juiz de Fora (PJF) inicia, a partir desta sexta-feira, 5, a vacina\u00e7\u00e3o contra a Covid-19) em idosos de 85 a 87 anos. A imuniza\u00e7\u00e3o ser\u00e1 feita no drive-thru que estar\u00e1 em funcionamento no estacionamento da Faculdade de Educa\u00e7\u00e3o da UFJF nesta sexta-feira, 5, e no s\u00e1bado, 6, das 9h \u00e0s 16h. Esse p\u00fablico ainda pode recorrer ao Departamento de Sa\u00fade do Idoso (DSI), na Rua Batista de Oliveira 943, Granbery, que funciona das 8h \u00e0s 16h, e nas Unidades B\u00e1sicas de Sa\u00fade (UBSs): Benfica, Nossa Senhora das Gra\u00e7as, Nossa Senhora Aparecida, Vila Ideal, Santa Luzia, S\u00e3o Pedro e Borboleta. O atendimento nas UBSs acontece durante a semana, das 8h \u00e0s 16h, exceto \u00e0s quintas-feiras, data na qual as unidades interrompem o atendimento ao p\u00fablico a partir das 14h para a realiza\u00e7\u00e3o de atividades internas.<\/p>\n<p>O drive-thru na UFJF marca o in\u00edcio da imuniza\u00e7\u00e3o em idosos desta faixa et\u00e1ria, entretanto, os idosos de idades acima de 85 anos que ainda n\u00e3o receberam a primeira dose do imunizante, tamb\u00e9m poder\u00e3o se vacinar no drive-thru. Contudo, idosos que necessitem receber a aplica\u00e7\u00e3o da segunda dose n\u00e3o ser\u00e3o atendidos no local, devendo a imuniza\u00e7\u00e3o da segunda dose ser realizada no DSI e nas sete UBSs.<\/p>\n<p>A Secretaria de Sa\u00fade (SS) alerta aos idosos e seus familiares que n\u00e3o \u00e9 necess\u00e1rio ter pressa para se dirigir aos locais de vacina\u00e7\u00e3o, principalmente na sexta e s\u00e1bado no drive-thru da UFJF, pois a vacina\u00e7\u00e3o prosseguir\u00e1 ao longo da semana nos locais j\u00e1 indicados anteriormente. Al\u00e9m disso, a SS orienta tamb\u00e9m aos idosos que evitem se dirigir aos postos de sa\u00fade nos hor\u00e1rios de grande fluxo, como na parte da manh\u00e3, e que optem por se imunizar em uma das sete UBSs, que s\u00e3o mais descentralizadas, evitando filas.<\/p>\n<p>Antes de ir aos postos de vacina\u00e7\u00e3o, \u00e9 necess\u00e1rio realizar o pr\u00e9-cadastramento no site da PJF. O\u00a0<a href=\"https:\/\/covid19.pjf.mg.gov.br\/vacinacao_juiz_de_fora.php\">formul\u00e1rio on-line<\/a>\u00a0pode ser acessado por meio do banner dispon\u00edvel na p\u00e1gina inicial da Prefeitura. A vacina\u00e7\u00e3o no munic\u00edpio segue as orienta\u00e7\u00f5es do Plano Nacional de Imuniza\u00e7\u00e3o (PNI).<\/p>\n<p>O preenchimento do formul\u00e1rio \u00e9 simples. Os idosos ou seus familiares devem inserir dados como nome, CPF, data de nascimento, sexo, telefone, idade, e informar se est\u00e1 acamado ou se tem alguma comorbidade. O question\u00e1rio n\u00e3o \u00e9 um sistema de agendamento, pois tem o objetivo de agilizar o atendimento nos locais de vacina\u00e7\u00e3o e evitar aglomera\u00e7\u00f5es na aplica\u00e7\u00e3o das vacinas.<\/p>\n<p><b>Impress\u00e3o de formul\u00e1rio<\/b><\/p>\n<p>A Prefeitura disponibilizou um formul\u00e1rio que pode ser impresso e preenchido pelos idosos ou seus familiares e ser entregue no momento da vacina\u00e7\u00e3o. Ele est\u00e1 localizado acima do formul\u00e1rio do pr\u00e9-cadastramento e pode ser acessado pelo\u00a0<a href=\"https:\/\/covid19.pjf.mg.gov.br\/arquivos\/formulario_para_vacinacao.pdf\">link<\/a>. Abaixo do formul\u00e1rio encontra-se a orienta\u00e7\u00e3o para n\u00e3o preenchimento do campo \u201cEstabelecimento de sa\u00fade\u201d.<\/p>\n<p><b>Documentos solicitados<\/b><\/p>\n<p>No ato da vacina\u00e7\u00e3o, os idosos devem entregar c\u00f3pia da identidade com foto e do comprovante de resid\u00eancia. Caso o comprovante n\u00e3o esteja em nome da pessoa a ser vacinada, deve ser apresentada declara\u00e7\u00e3o do titular da resid\u00eancia, confirmando que ela reside no local.<\/p>\n<p><b>Locais de vacina\u00e7\u00e3o a partir desta sexta-feira, dia 5:<\/b><\/p>\n<p>*Drive-thru montado no estacionamento da Faculdade de Educa\u00e7\u00e3o, no Campus da Universidade Federal de Juiz de Fora (UFJF), na sexta-feira, 5, e no s\u00e1bado, 6, das 9h \u00e0s 16h.<br \/>\n*Departamento de Sa\u00fade do Idoso: na Rua Batista de Oliveira, 943, Granbery; de segunda \u00e0 sexta-feira de 8h \u00e0s 16h.<\/p>\n<p>Nas UBSs, segunda, ter\u00e7a, quarta e sexta o hor\u00e1rio de funcionamento \u00e9 de 8h \u00e0s 16h; \u00e0s quintas, o hor\u00e1rio \u00e9 das 8h \u00e0s 14h.<\/p>\n<p>*UBS Benfica: Rua Guararapes, 106;<br \/>\n*UBS Nossa Senhora das Gra\u00e7as: Rua Queluz, 72;<br \/>\n*UBS Nossa Senhora Aparecida: Rua Nossa Senhora Aparecida, 775;<br \/>\n*UBS Vila Ideal: Avenida Francisco Valadares, 1.910;<br \/>\n*UBS Santa Luzia: Rua Torre\u00f5es, s\/n\u00ba;<br \/>\n*UBS S\u00e3o Pedro: Rua Jo\u00e3o Louren\u00e7o Kelmer, 1.433;<br \/>\n*UBS Borboleta: Rua Tenente Paulo Maria Delage 297.<\/p>\n<p><span style=\"font-weight: 400;\">Fonte: Assessoria PJF<\/span><\/p>\n","protected":false},"excerpt":{"rendered":"<p>A Prefeitura de Juiz de Fora (PJF) inicia, a partir desta sexta-feira, 5, a vacina\u00e7\u00e3o contra a Covid-19) em idosos de 85 a 87 anos. A imuniza\u00e7\u00e3o ser\u00e1 feita no drive-thru que estar\u00e1 em funcionamento no estacionamento da Faculdade de Educa\u00e7\u00e3o da UFJF nesta sexta-feira, 5, e no s\u00e1bado, 6, das 9h \u00e0s 16h. Esse [&hellip;]<\/p>\n","protected":false},"author":246,"featured_media":178943,"comment_status":"closed","ping_status":"closed","sticky":false,"template":"","format":"standard","meta":{"footnotes":""},"categories":[253,440,439],"tags":[],"class_list":["post-178942","post","type-post","status-publish","format-standard","has-post-thumbnail","hentry","category-cidade","category-destaques-do-dia","category-ultima-hora"],"_links":{"self":[{"href":"https:\/\/diarioregionaldigital.com.br\/index.php?rest_route=\/wp\/v2\/posts\/178942","targetHints":{"allow":["GET"]}}],"collection":[{"href":"https:\/\/diarioregionaldigital.com.br\/index.php?rest_route=\/wp\/v2\/posts"}],"about":[{"href":"https:\/\/diarioregionaldigital.com.br\/index.php?rest_route=\/wp\/v2\/types\/post"}],"author":[{"embeddable":true,"href":"https:\/\/diarioregionaldigital.com.br\/index.php?rest_route=\/wp\/v2\/users\/246"}],"replies":[{"embeddable":true,"href":"https:\/\/diarioregionaldigital.com.br\/index.php?rest_route=%2Fwp%2Fv2%2Fcomments&post=178942"}],"version-history":[{"count":0,"href":"https:\/\/diarioregionaldigital.com.br\/index.php?rest_route=\/wp\/v2\/posts\/178942\/revisions"}],"wp:featuredmedia":[{"embeddable":true,"href":"https:\/\/diarioregionaldigital.com.br\/index.php?rest_route=\/wp\/v2\/media\/178943"}],"wp:attachment":[{"href":"https:\/\/diarioregionaldigital.com.br\/index.php?rest_route=%2Fwp%2Fv2%2Fmedia&parent=178942"}],"wp:term":[{"taxonomy":"category","embeddable":true,"href":"https:\/\/diarioregionaldigital.com.br\/index.php?rest_route=%2Fwp%2Fv2%2Fcategories&post=178942"},{"taxonomy":"post_tag","embeddable":true,"href":"https:\/\/diarioregionaldigital.com.br\/index.php?rest_route=%2Fwp%2Fv2%2Ftags&post=178942"}],"curies":[{"name":"wp","href":"https:\/\/api.w.org\/{rel}","templated":true}]}}