{"id":178937,"date":"2021-03-04T17:44:09","date_gmt":"2021-03-04T20:44:09","guid":{"rendered":"https:\/\/diarioregionaldigital.com.br\/?p=178937"},"modified":"2021-03-04T17:47:18","modified_gmt":"2021-03-04T20:47:18","slug":"mais-de-1-500-idosos-acima-de-90-anos-foram-imunizados-com-a-segunda-dose-de-vacina","status":"publish","type":"post","link":"https:\/\/diarioregionaldigital.com.br\/?p=178937","title":{"rendered":"Mais de 1.500 idosos acima de 90 anos foram imunizados com a segunda dose de vacina"},"content":{"rendered":"<p>At\u00e9 a tarde da ter\u00e7a-feira, 2, 1.508 idosos com 90 anos ou mais j\u00e1 foram imunizados contra o coronav\u00edrus em Juiz de Fora com a segunda dose da vacina. No s\u00e1bado e no domingo, dias 27 e 28, a imuniza\u00e7\u00e3o ocorreu no Departamento de Sa\u00fade do Idoso, da Prefeitura de Juiz de Fora (PJF), e na segunda e na ter\u00e7a-feira, dias 1\u00ba e 2, no drive-thru montado no Campus da Universidade Federal de Juiz de Fora (UFJF). Al\u00e9m disso, os nonagen\u00e1rios foram vacinados nas UBSs de Benfica, Nossa Senhora das Gra\u00e7as, Nossa Senhora Aparecida, Vila Ideal, Santa Luzia, S\u00e3o Pedro e Borboleta.<\/p>\n<p>At\u00e9 o in\u00edcio da quarta-feira, 3, 21.292 pessoas receberam a primeira dose da vacina na cidade e 13.790 receberam a segunda dose. Do total, 3.367 idosos acima de 88 anos j\u00e1 receberam a primeira dose e 1.508 foram imunizados com a segunda dose. Al\u00e9m disso, cerca de 900 idosos que se encontram em Institui\u00e7\u00f5es de Longa Perman\u00eancia (ILPs) com mais de 60 j\u00e1 receberam a primeira e a segunda dose; e 618 profissionais de sa\u00fade da ativa com 60 anos ou mais j\u00e1 receberam a primeira dose do imunizante.<\/p>\n<p><b>SS recebe mais de 11 mil novas doses da vacina contra Covid-19<\/b><\/p>\n<p>A Secretaria de Sa\u00fade (SS) recebeu na ter\u00e7a-feira, 2, mais 11.320 imunizantes da Secretaria de Estado de Sa\u00fade de Minas Gerais, sendo 7.240 da AstraZeneca\/Universidade de Oxford e 4.080 da CoronaVac. Este \u00e9 o quarto carregamento de imunizantes encaminhado para Juiz de Fora e possibilitar\u00e1 a amplia\u00e7\u00e3o da vacina\u00e7\u00e3o para idosos com mais de 85 anos e profissionais de sa\u00fade com v\u00ednculo ativo com idade de 50 anos ou mais. Com a nova remessa, ser\u00e1 atingida a marca de 81% dos trabalhadores da sa\u00fade da cidade imunizados.<\/p>\n<p><b>Abertura de pr\u00e9-cadastro para idosos entre de 85 e 87 anos<\/b><\/p>\n<p>Com a chegada da quarta remessa de imunizantes, a vacina\u00e7\u00e3o foi estendida para idosos entre 85 e 87 anos. O formul\u00e1rio do pr\u00e9-cadastro deve ser acessado por meio do banner localizado na p\u00e1gina inicial do portal da PJF. As pessoas entre 85 e 87 anos podem se vacinar no drive-thru que estar\u00e1 em funcionamento novamente no estacionamento da Faculdade de Educa\u00e7\u00e3o da UFJF nesta sexta-feira, 5, e no s\u00e1bado, 6, das 9h \u00e0s 16h. Esse p\u00fablico ainda pode recorrer ao Departamento de Sa\u00fade do Idoso (Rua Batista de Oliveira 943, Granbery) e \u00e0s sete UBS\u2019s durante a semana, das 8h \u00e0s 16h, exceto \u00e0s quintas-feiras, data na qual as unidades interrompem o atendimento ao p\u00fablico a partir das 14h para a realiza\u00e7\u00e3o de atividades internas.<\/p>\n<p><b>Impress\u00e3o de formul\u00e1rio pode agilizar a\u00e7\u00e3o no dia da vacina\u00e7\u00e3o<\/b><\/p>\n<p>A Prefeitura disponibilizou um formul\u00e1rio que pode ser impresso e preenchido pelos idosos ou seus familiares e ser entregue no momento da vacina\u00e7\u00e3o. Ele est\u00e1 localizado acima do formul\u00e1rio do pr\u00e9-cadastramento e pode ser acessado pelo\u00a0<a href=\"https:\/\/covid19.pjf.mg.gov.br\/vacinacao_juiz_de_fora.php\">link<\/a>. Abaixo do formul\u00e1rio encontra-se a orienta\u00e7\u00e3o para n\u00e3o preenchimento do campo \u201cEstabelecimento de sa\u00fade\u201d.<\/p>\n<p><b>Documentos solicitados<\/b><br \/>\nNo ato da vacina\u00e7\u00e3o, os idosos devem entregar c\u00f3pia da identidade com foto e do comprovante de resid\u00eancia. Caso o comprovante n\u00e3o esteja em nome da pessoa a ser vacinada, deve ser apresentada declara\u00e7\u00e3o do titular da resid\u00eancia, confirmando que ela reside no local.<\/p>\n<p><b>Locais de vacina\u00e7\u00e3o a partir desta sexta-feira, dia 5:<\/b><\/p>\n<p>*Drive-thru montado no estacionamento da Faculdade de Educa\u00e7\u00e3o, no Campus da Universidade Federal de Juiz de Fora (UFJF), na sexta-feira, 5, e no s\u00e1bado, 6, das 9h \u00e0s 16h.<br \/>\n*Departamento de Sa\u00fade do Idoso: na Rua Batista de Oliveira, 943, Granbery; de segunda \u00e0 sexta-feira de 8h \u00e0s 16h.<\/p>\n<p>Nas UBSs, segunda, ter\u00e7a, quarta e sexta o hor\u00e1rio de funcionamento \u00e9 de 8h \u00e0s 16h, \u00e0s quintas o hor\u00e1rio \u00e9 de 8h \u00e0s 14h<br \/>\n*UBS Benfica: Rua Guararapes, 106;<br \/>\n*UBS Nossa Senhora das Gra\u00e7as: Rua Queluz, 72;<br \/>\n*UBS Nossa Senhora Aparecida: Rua Nossa Senhora Aparecida, 775;<br \/>\n*UBS Vila Ideal: Avenida Francisco Valadares, 1.910;<br \/>\n*UBS Santa Luzia: Rua Torre\u00f5es, s\/n\u00ba;<br \/>\n*UBS S\u00e3o Pedro: Rua Jo\u00e3o Louren\u00e7o Kelmer, 1433;<br \/>\n*UBS Borboleta: Rua Tenente Paulo Maria Delage 297.<\/p>\n<p><span style=\"font-weight: 400;\">Fonte: Assessoria PJF<\/span><\/p>\n","protected":false},"excerpt":{"rendered":"<p>At\u00e9 a tarde da ter\u00e7a-feira, 2, 1.508 idosos com 90 anos ou mais j\u00e1 foram imunizados contra o coronav\u00edrus em Juiz de Fora com a segunda dose da vacina. No s\u00e1bado e no domingo, dias 27 e 28, a imuniza\u00e7\u00e3o ocorreu no Departamento de Sa\u00fade do Idoso, da Prefeitura de Juiz de Fora (PJF), e [&hellip;]<\/p>\n","protected":false},"author":246,"featured_media":178939,"comment_status":"closed","ping_status":"closed","sticky":false,"template":"","format":"standard","meta":{"footnotes":""},"categories":[253,436],"tags":[],"class_list":["post-178937","post","type-post","status-publish","format-standard","has-post-thumbnail","hentry","category-cidade","category-destaque-da-semana"],"_links":{"self":[{"href":"https:\/\/diarioregionaldigital.com.br\/index.php?rest_route=\/wp\/v2\/posts\/178937","targetHints":{"allow":["GET"]}}],"collection":[{"href":"https:\/\/diarioregionaldigital.com.br\/index.php?rest_route=\/wp\/v2\/posts"}],"about":[{"href":"https:\/\/diarioregionaldigital.com.br\/index.php?rest_route=\/wp\/v2\/types\/post"}],"author":[{"embeddable":true,"href":"https:\/\/diarioregionaldigital.com.br\/index.php?rest_route=\/wp\/v2\/users\/246"}],"replies":[{"embeddable":true,"href":"https:\/\/diarioregionaldigital.com.br\/index.php?rest_route=%2Fwp%2Fv2%2Fcomments&post=178937"}],"version-history":[{"count":0,"href":"https:\/\/diarioregionaldigital.com.br\/index.php?rest_route=\/wp\/v2\/posts\/178937\/revisions"}],"wp:featuredmedia":[{"embeddable":true,"href":"https:\/\/diarioregionaldigital.com.br\/index.php?rest_route=\/wp\/v2\/media\/178939"}],"wp:attachment":[{"href":"https:\/\/diarioregionaldigital.com.br\/index.php?rest_route=%2Fwp%2Fv2%2Fmedia&parent=178937"}],"wp:term":[{"taxonomy":"category","embeddable":true,"href":"https:\/\/diarioregionaldigital.com.br\/index.php?rest_route=%2Fwp%2Fv2%2Fcategories&post=178937"},{"taxonomy":"post_tag","embeddable":true,"href":"https:\/\/diarioregionaldigital.com.br\/index.php?rest_route=%2Fwp%2Fv2%2Ftags&post=178937"}],"curies":[{"name":"wp","href":"https:\/\/api.w.org\/{rel}","templated":true}]}}