{"id":178931,"date":"2021-03-04T17:06:12","date_gmt":"2021-03-04T20:06:12","guid":{"rendered":"https:\/\/diarioregionaldigital.com.br\/?p=178931"},"modified":"2021-03-04T17:06:12","modified_gmt":"2021-03-04T20:06:12","slug":"prefeita-participa-de-seminario-sobre-potencialidades-da-represa-de-chapeu-duvas","status":"publish","type":"post","link":"https:\/\/diarioregionaldigital.com.br\/?p=178931","title":{"rendered":"Prefeita participa de semin\u00e1rio sobre potencialidades da represa de Chap\u00e9u d\u2019Uvas"},"content":{"rendered":"<p>Na manh\u00e3 desta quinta-feira, 4, a prefeita de Juiz de Fora, Margarida Salom\u00e3o, participou do Semin\u00e1rio \u201cA Import\u00e2ncia Estrat\u00e9gica da Gest\u00e3o da Represa de Chap\u00e9u d\u2019Uvas para a Bacia Hidrogr\u00e1fica do Rio Para\u00edba do Sul\u201d. Realizado pelo Comit\u00ea da Bacia Hidrogr\u00e1fica (CBH) dos Afluentes Mineiros dos Rios Preto e Paraibuna, com o apoio do Comit\u00ea de Integra\u00e7\u00e3o da Bacia Hidrogr\u00e1fica do Rio Para\u00edba do Sul (Ceivap), o evento teve como intuito buscar solu\u00e7\u00f5es para a preserva\u00e7\u00e3o da represa.<\/p>\n<p>Iniciando o debate, cujo tema abordado foi \u201cde que forma as municipalidades podem se beneficiar diante do potencial da Bacia Hidrogr\u00e1fica da Represa de Chap\u00e9u d\u2019Uvas\u201d, Margarida falou sobre o papel inestim\u00e1vel que a represa tem para Juiz de Fora, desde que a barragem foi concebida para minimizar as inunda\u00e7\u00f5es que chegavam at\u00e9 a \u00e1rea central da cidade. \u201cChap\u00e9u d\u2019Uvas tem um papel imenso e a nossa responsabilidade \u00e9 muito grande. Gostaria, ent\u00e3o, de aqui refor\u00e7ar o nosso compromisso com a guarda, manuten\u00e7\u00e3o e opera\u00e7\u00e3o das unidades da represa, atividades que hoje j\u00e1 s\u00e3o feitas informalmente pela Companhia de Saneamento Municipal (Cesama). O nosso intuito \u00e9 formalizar e assumir essa posi\u00e7\u00e3o\u201d, afirmou.<\/p>\n<p>Outro ponto destacado pela prefeita foi a manuten\u00e7\u00e3o das obras de despolui\u00e7\u00e3o do Rio Paraibuna, que tem um reflexo importante na bacia hidrogr\u00e1fica do Rio Para\u00edba do Sul. &#8220;Esse \u00e9 um projeto que vem sendo desenvolvido j\u00e1 h\u00e1 algumas gest\u00f5es municipais por Juiz de Fora. H\u00e1 alguns embara\u00e7os administrativos que identificamos esse ano, e nosso intuito \u00e9 resolver essas pend\u00eancias e retomar, com energia e velocidade, essa obra\u201d.<\/p>\n<p>Por fim, a prefeita pontuou a inten\u00e7\u00e3o de buscar, junto \u00e0 Uni\u00e3o e ao Estado, uma regula\u00e7\u00e3o para o bom uso do lago. \u201cN\u00f3s n\u00e3o queremos, naturalmente, impedir o uso tur\u00edstico, por exemplo. Mas \u00e9 necess\u00e1rio que seja feito dentro de um regramento rigoroso\u201d.<\/p>\n<p>O diretor-presidente da Cesama, J\u00falio C\u00e9sar Teixeira, participou do evento na sequ\u00eancia, refor\u00e7ando a import\u00e2ncia da preserva\u00e7\u00e3o da Represa de Chap\u00e9u d\u2019Uvas para a cidade. \u201cAl\u00e9m da barragem combater as inunda\u00e7\u00f5es em Juiz de Fora. Com a conclus\u00e3o da adutora em 2014, a Cesama teve outorga para retirar at\u00e9 900 litros de \u00e1gua por segundo dessa fonte, o que representa 60% da demanda que Juiz de Fora precisa para abastecer sua popula\u00e7\u00e3o, que \u00e9 de 1.500 litros por segundo atualmente. A preserva\u00e7\u00e3o da qualidade dessa \u00e1gua, j\u00e1 que \u00e9 um manancial de abastecimento, \u00e9 fundamental\u201d, pontuou.<\/p>\n<p><b>Semin\u00e1rio termina nesta quinta-feira, 4<\/b><\/p>\n<p>O Semin\u00e1rio \u201cA Import\u00e2ncia Estrat\u00e9gica da Gest\u00e3o da Represa de Chap\u00e9u d\u2019Uvas para a Bacia Hidrogr\u00e1fica do Rio Para\u00edba do Sul\u201d \u00e9 realizado desde a \u00faltima ter\u00e7a-feira, 2, e ser\u00e1 finalizado nesta quinta, 4. O presidente do CBH Preto e Paraibuna, Wilson Ac\u00e1cio, ratificou a relev\u00e2ncia de encontros como esse, \u201conde se busca o di\u00e1logo fraterno, democr\u00e1tico e republicano. Nosso intuito \u00e9 discutir, dentro da ci\u00eancia e tecnologia, um plano de ocupa\u00e7\u00e3o ordenada da Represa de Chap\u00e9u d\u2019Uvas. Desta forma, os cidad\u00e3os e cidad\u00e3s dos quatro munic\u00edpios e da bacia do Rio Para\u00edba do Sul podem se beneficiar desse patrim\u00f4nio, que hoje \u00e9 um reservat\u00f3rio estrat\u00e9gico para nossa regi\u00e3o\u201d.<\/p>\n<p>Na mesa de debates, estavam presentes, ainda, os prefeitos de Ant\u00f4nio Carlos, Marcelo Ribeiro, e de Ewbanck da C\u00e2mara, Jos\u00e9 Maria Novato, al\u00e9m do secret\u00e1rio de administra\u00e7\u00e3o de Santos Dumont, Jos\u00e9 Geraldo de Almeida \u2013 representantes dos tr\u00eas munic\u00edpios que comp\u00f5e o lago da bacia hidrogr\u00e1fica da Represa de Chap\u00e9u d\u2019Uvas.<\/p>\n<p>Fonte: Assessoria PJF<\/p>\n","protected":false},"excerpt":{"rendered":"<p>Na manh\u00e3 desta quinta-feira, 4, a prefeita de Juiz de Fora, Margarida Salom\u00e3o, participou do Semin\u00e1rio \u201cA Import\u00e2ncia Estrat\u00e9gica da Gest\u00e3o da Represa de Chap\u00e9u d\u2019Uvas para a Bacia Hidrogr\u00e1fica do Rio Para\u00edba do Sul\u201d. Realizado pelo Comit\u00ea da Bacia Hidrogr\u00e1fica (CBH) dos Afluentes Mineiros dos Rios Preto e Paraibuna, com o apoio do Comit\u00ea [&hellip;]<\/p>\n","protected":false},"author":246,"featured_media":178932,"comment_status":"closed","ping_status":"closed","sticky":false,"template":"","format":"standard","meta":{"footnotes":""},"categories":[253,440,439],"tags":[],"class_list":["post-178931","post","type-post","status-publish","format-standard","has-post-thumbnail","hentry","category-cidade","category-destaques-do-dia","category-ultima-hora"],"_links":{"self":[{"href":"https:\/\/diarioregionaldigital.com.br\/index.php?rest_route=\/wp\/v2\/posts\/178931","targetHints":{"allow":["GET"]}}],"collection":[{"href":"https:\/\/diarioregionaldigital.com.br\/index.php?rest_route=\/wp\/v2\/posts"}],"about":[{"href":"https:\/\/diarioregionaldigital.com.br\/index.php?rest_route=\/wp\/v2\/types\/post"}],"author":[{"embeddable":true,"href":"https:\/\/diarioregionaldigital.com.br\/index.php?rest_route=\/wp\/v2\/users\/246"}],"replies":[{"embeddable":true,"href":"https:\/\/diarioregionaldigital.com.br\/index.php?rest_route=%2Fwp%2Fv2%2Fcomments&post=178931"}],"version-history":[{"count":0,"href":"https:\/\/diarioregionaldigital.com.br\/index.php?rest_route=\/wp\/v2\/posts\/178931\/revisions"}],"wp:featuredmedia":[{"embeddable":true,"href":"https:\/\/diarioregionaldigital.com.br\/index.php?rest_route=\/wp\/v2\/media\/178932"}],"wp:attachment":[{"href":"https:\/\/diarioregionaldigital.com.br\/index.php?rest_route=%2Fwp%2Fv2%2Fmedia&parent=178931"}],"wp:term":[{"taxonomy":"category","embeddable":true,"href":"https:\/\/diarioregionaldigital.com.br\/index.php?rest_route=%2Fwp%2Fv2%2Fcategories&post=178931"},{"taxonomy":"post_tag","embeddable":true,"href":"https:\/\/diarioregionaldigital.com.br\/index.php?rest_route=%2Fwp%2Fv2%2Ftags&post=178931"}],"curies":[{"name":"wp","href":"https:\/\/api.w.org\/{rel}","templated":true}]}}